{"id":99613,"date":"2010-08-25T16:53:28","date_gmt":"2010-08-25T14:53:28","guid":{"rendered":"http:\/\/www.ivg.it\/?p=99613"},"modified":"2010-08-26T12:20:58","modified_gmt":"2010-08-26T10:20:58","slug":"vado-disabile-rischia-di-annegare-polemica-sui-soccorsi","status":"publish","type":"post","link":"https:\/\/staging.ivg.it\/2010\/08\/vado-disabile-rischia-di-annegare-polemica-sui-soccorsi\/","title":{"rendered":"Vado, disabile rischia di annegare: polemica sui soccorsi"},"content":{"rendered":"<p><strong>Vado Ligure.<\/strong> E&#8217; polemica a Vado Ligure per il caso del bagnante disabile che questa mattina ha rischiato di annegare. L&#8217;episodio si \u00e8 verificato presso la spiaggia del Centro Nautico Vadese, il quale ha un contratto di servizio con la cooperativa il Trespolo per la fornitura quotidiana di un bagnino.<\/p>\n<p>Ogni mattina, infatti, l&#8217;associazione Centro Vado Sabatia, cura il trasporto in spiaggia dei ragazzi down, proprio al Circolo Nautico. La polemica \u00e8 nata proprio sul fronte dei soccorsi, visto che ad intervenire \u00e8 stata una animatrice (socia del Circolo nautico) che si trovava vicino al disabile 25enne . Cos\u00ec il presidente del Centro Nautico vadese Simone Mara: &#8220;La fatalit\u00e0 ha voluto che ieri sera il bagnino che solitamente presta servizio ha avuto un incidente, quindi non era disponibile e la cooperativa ha mandato un sostituto quando per\u00f2 il fatto era ormai accaduto&#8221;.<\/p>\n<p>&#8220;La cosa positiva \u00e8 che il ragazzo sta bene e si sta riprendendo&#8221; ha concluso il presidente Mara, anche se certamente l&#8217;episodio avrebbe potuto prendere una piega ben diversa.<\/p>\n","protected":false},"excerpt":{"rendered":"<p>Vado Ligure. E&#8217; polemica a Vado Ligure per il caso del bagnante disabile che questa mattina ha rischiato di annegare. L&#8217;episodio si \u00e8 verificato presso la spiaggia del Centro Nautico Vadese, il quale ha un contratto di servizio con la cooperativa il Trespolo per la fornitura quotidiana di un bagnino. Ogni mattina, infatti, l&#8217;associazione Centro [&hellip;]<\/p>\n","protected":false},"author":4,"featured_media":0,"comment_status":"open","ping_status":"closed","sticky":false,"template":"","format":"standard","meta":{"footnotes":""},"categories":[34],"tags":[2837,85979],"class_list":["post-99613","post","type-post","status-publish","format-standard","hentry","category-cronaca","tag-disabile","tag-vado-ligure","post_cat_citta-andora","post_cat_citta-vado-ligure"],"amp_validity":null,"amp_enabled":true,"_links":{"self":[{"href":"https:\/\/staging.ivg.it\/ediapi\/wp\/v2\/posts\/99613","targetHints":{"allow":["GET"]}}],"collection":[{"href":"https:\/\/staging.ivg.it\/ediapi\/wp\/v2\/posts"}],"about":[{"href":"https:\/\/staging.ivg.it\/ediapi\/wp\/v2\/types\/post"}],"author":[{"embeddable":true,"href":"https:\/\/staging.ivg.it\/ediapi\/wp\/v2\/users\/4"}],"replies":[{"embeddable":true,"href":"https:\/\/staging.ivg.it\/ediapi\/wp\/v2\/comments?post=99613"}],"version-history":[{"count":0,"href":"https:\/\/staging.ivg.it\/ediapi\/wp\/v2\/posts\/99613\/revisions"}],"wp:attachment":[{"href":"https:\/\/staging.ivg.it\/ediapi\/wp\/v2\/media?parent=99613"}],"wp:term":[{"taxonomy":"category","embeddable":true,"href":"https:\/\/staging.ivg.it\/ediapi\/wp\/v2\/categories?post=99613"},{"taxonomy":"post_tag","embeddable":true,"href":"https:\/\/staging.ivg.it\/ediapi\/wp\/v2\/tags?post=99613"}],"curies":[{"name":"wp","href":"https:\/\/api.w.org\/{rel}","templated":true}]}}