{"id":98645,"date":"2010-08-21T12:38:48","date_gmt":"2010-08-21T10:38:48","guid":{"rendered":"http:\/\/www.ivg.it\/?p=98645"},"modified":"2010-08-21T18:36:08","modified_gmt":"2010-08-21T16:36:08","slug":"processo-bruno-rinviata-ludienza-odierna","status":"publish","type":"post","link":"https:\/\/staging.ivg.it\/2010\/08\/processo-bruno-rinviata-ludienza-odierna\/","title":{"rendered":"Processo Bruno, rinviata l\u2019udienza odierna"},"content":{"rendered":"<p><strong>Albenga<\/strong>. Nella giornata di ieri Euro Bruno, padre di Tomaso, aveva espresso la propria soddisfazione per come, dopo mesi di rinvii, il processo che vede coinvolto suo figlio ed Elisabetta Boncompagni stia procedendo in maniera spedita. Oggi questa fiducia nella rapidit\u00e0 della conclusione della malaugurata vicenda che vede coinvolto il giovane albenganese \u00e8 stata smorzata da un nuovo piccolo intoppo.<\/p>\n<p>La quarta udienza settimanale, programmata per il pomeriggio odierno, \u00e8 saltata. Il testimone, il manager dell&#8217;Hotel Buddha, che sarebbe dovuto essere nuovamente sentito, ha dichiarato di stare male. La nuova udienza nel tribunale di Varanasi \u00e8 stata rinviata a venerd\u00ec 27 agosto, dato che il 24 agosto in India \u00e8 nuovamente una giornata festiva.<\/p>\n<p>&#8220;L&#8217;udienza non si \u00e8 svolta perch\u00e9 il teste stava male &#8211; dichiara Marina Maurizio, madre di Tomaso-. Forse ieri gli avvocati lo hanno tartassato troppo. Per fortuna la prossima udienza non \u00e8 stata fissata in una data troppo lontana&#8221;.<\/p>\n","protected":false},"excerpt":{"rendered":"<p>Albenga. Nella giornata di ieri Euro Bruno, padre di Tomaso, aveva espresso la propria soddisfazione per come, dopo mesi di rinvii, il processo che vede coinvolto suo figlio ed Elisabetta Boncompagni stia procedendo in maniera spedita. Oggi questa fiducia nella rapidit\u00e0 della conclusione della malaugurata vicenda che vede coinvolto il giovane albenganese \u00e8 stata smorzata [&hellip;]<\/p>\n","protected":false},"author":5,"featured_media":0,"comment_status":"open","ping_status":"closed","sticky":false,"template":"","format":"standard","meta":{"footnotes":""},"categories":[34],"tags":[85841,14260,2371,1981,21234,21324],"class_list":["post-98645","post","type-post","status-publish","format-standard","hentry","category-cronaca","tag-albenga","tag-avvocati","tag-india","tag-processo","tag-tomaso-bruno","tag-varanasi","post_cat_citta-albenga"],"amp_validity":null,"amp_enabled":true,"_links":{"self":[{"href":"https:\/\/staging.ivg.it\/ediapi\/wp\/v2\/posts\/98645","targetHints":{"allow":["GET"]}}],"collection":[{"href":"https:\/\/staging.ivg.it\/ediapi\/wp\/v2\/posts"}],"about":[{"href":"https:\/\/staging.ivg.it\/ediapi\/wp\/v2\/types\/post"}],"author":[{"embeddable":true,"href":"https:\/\/staging.ivg.it\/ediapi\/wp\/v2\/users\/5"}],"replies":[{"embeddable":true,"href":"https:\/\/staging.ivg.it\/ediapi\/wp\/v2\/comments?post=98645"}],"version-history":[{"count":0,"href":"https:\/\/staging.ivg.it\/ediapi\/wp\/v2\/posts\/98645\/revisions"}],"wp:attachment":[{"href":"https:\/\/staging.ivg.it\/ediapi\/wp\/v2\/media?parent=98645"}],"wp:term":[{"taxonomy":"category","embeddable":true,"href":"https:\/\/staging.ivg.it\/ediapi\/wp\/v2\/categories?post=98645"},{"taxonomy":"post_tag","embeddable":true,"href":"https:\/\/staging.ivg.it\/ediapi\/wp\/v2\/tags?post=98645"}],"curies":[{"name":"wp","href":"https:\/\/api.w.org\/{rel}","templated":true}]}}