{"id":98359,"date":"2010-08-20T13:24:20","date_gmt":"2010-08-20T11:24:20","guid":{"rendered":"http:\/\/www.ivg.it\/?p=98359"},"modified":"2010-08-20T15:17:13","modified_gmt":"2010-08-20T13:17:13","slug":"tribunale-45enne-arrestato-a-balla-coi-cinghiali-processo-rinviato-al-5-ottobre","status":"publish","type":"post","link":"https:\/\/staging.ivg.it\/2010\/08\/tribunale-45enne-arrestato-a-balla-coi-cinghiali-processo-rinviato-al-5-ottobre\/","title":{"rendered":"Tribunale, 45enne arrestato a Balla Coi Cinghiali: processo rinviato al 5 ottobre"},"content":{"rendered":"<p><strong>Bardineto<\/strong>. Questa mattina, in tribunale a Savona, il giudice ha convalidato l&#8217;arresto di M.G., il 45enne di Savona che ieri sera, a Bardineto, alterato dall\u2019alcol, ha iniziato a importunare i partecipanti a Balla Coi Cinghiali e ha aggredito un carabiniere intervenuto per calmarlo.<\/p>\n<p>L&#8217;uomo \u00e8 stato rimesso in libert\u00e0 con la misura cautelare dell&#8217;obbligo quotidiano di firma. Il processo \u00e8 stato rinviato al 5 ottobre. Vi \u00e8 gi\u00e0 un accordo di massima tra le parti per un patteggiamento e un risarcimento dei danni al carabiniere ferito.<\/p>\n","protected":false},"excerpt":{"rendered":"<p>Bardineto. Questa mattina, in tribunale a Savona, il giudice ha convalidato l&#8217;arresto di M.G., il 45enne di Savona che ieri sera, a Bardineto, alterato dall\u2019alcol, ha iniziato a importunare i partecipanti a Balla Coi Cinghiali e ha aggredito un carabiniere intervenuto per calmarlo. L&#8217;uomo \u00e8 stato rimesso in libert\u00e0 con la misura cautelare dell&#8217;obbligo quotidiano [&hellip;]<\/p>\n","protected":false},"author":5,"featured_media":0,"comment_status":"open","ping_status":"closed","sticky":false,"template":"","format":"standard","meta":{"footnotes":""},"categories":[34],"tags":[7468,85878,1981,2170,1053],"class_list":["post-98359","post","type-post","status-publish","format-standard","hentry","category-cronaca","tag-balla-coi-cinghiali","tag-bardineto","tag-processo","tag-tribunale","tag-ubriaco","post_cat_citta-bardineto","post_cat_citta-savona"],"amp_validity":null,"amp_enabled":true,"_links":{"self":[{"href":"https:\/\/staging.ivg.it\/ediapi\/wp\/v2\/posts\/98359","targetHints":{"allow":["GET"]}}],"collection":[{"href":"https:\/\/staging.ivg.it\/ediapi\/wp\/v2\/posts"}],"about":[{"href":"https:\/\/staging.ivg.it\/ediapi\/wp\/v2\/types\/post"}],"author":[{"embeddable":true,"href":"https:\/\/staging.ivg.it\/ediapi\/wp\/v2\/users\/5"}],"replies":[{"embeddable":true,"href":"https:\/\/staging.ivg.it\/ediapi\/wp\/v2\/comments?post=98359"}],"version-history":[{"count":0,"href":"https:\/\/staging.ivg.it\/ediapi\/wp\/v2\/posts\/98359\/revisions"}],"wp:attachment":[{"href":"https:\/\/staging.ivg.it\/ediapi\/wp\/v2\/media?parent=98359"}],"wp:term":[{"taxonomy":"category","embeddable":true,"href":"https:\/\/staging.ivg.it\/ediapi\/wp\/v2\/categories?post=98359"},{"taxonomy":"post_tag","embeddable":true,"href":"https:\/\/staging.ivg.it\/ediapi\/wp\/v2\/tags?post=98359"}],"curies":[{"name":"wp","href":"https:\/\/api.w.org\/{rel}","templated":true}]}}