{"id":98349,"date":"2010-08-20T12:44:14","date_gmt":"2010-08-20T10:44:14","guid":{"rendered":"http:\/\/www.ivg.it\/?p=98349"},"modified":"2010-08-20T12:45:22","modified_gmt":"2010-08-20T10:45:22","slug":"varazze-rock-on-the-rocks-aperte-le-iscrizioni","status":"publish","type":"post","link":"https:\/\/staging.ivg.it\/2010\/08\/varazze-rock-on-the-rocks-aperte-le-iscrizioni\/","title":{"rendered":"Varazze, \u201cRock on the Rocks\u201d: aperte le iscrizioni"},"content":{"rendered":"<p><strong>Varazze<\/strong>. Sono aperte le iscrizioni alla terza edizione di &#8220;Rock on the Rocks&#8221;, concorso per giovani band emergenti che si terr\u00e0 a Varazze, Molo del surf, venerd\u00ec 3 settembre a partire dalle ore 21. Sar\u00e0 possibile iscriversi entro il 26 agosto scrivendo a <a href=\"mailto:rockontherocks@hotmail.it\">rockontherocks@hotmail.it<\/a>.<\/p>\n<p>L\u2019evento, nato del 2007, da la possibilit\u00e0 ad otto band di giovanissimi, tra i 14 e i 25 anni, di esibirsi su un palcoscenico d\u2019eccezione, davanti al grande pubblico, con ricchi premi in palio.<\/p>\n<p>Quest\u2019anno nuova collaborazione con Radio Skylab, che si \u00e8 offerta di trasmettere in radio il miglior brano inedito presentato e composto dalle band in gara. La speaker Giuditta presenter\u00e0 la serata, con collegamenti in diretta radio.<\/p>\n<p>Alla miglior band verr\u00e0 assegnato il premio &#8220;Rock on the Rocks&#8221; 2010, un buono in strumentazione musicale. Per il miglior percussionista in palio uno strumento d\u2019eccezione, un Cajon, prodotto dalla \u201cFd Cajon\u201d di Varazze ed offerto dall\u2019ortofrutta \u201cSteva \u00f9 besagnin\u201d.<\/p>\n<p>L\u2019evento \u00e8 organizzato dalle associazioni di volontariato della Citt\u00e0 di Varazze, riunite nella sigla NOI., con il patrocinio e la collaborazione del Comune di Varazze, assessorato alle Politiche giovanili e dell\u2019Area Dipendenze dell\u2019Asl2 Savonese.<\/p>\n<p>Un progetto che da diversi anni vede collaborare i principali attori del panorama giovanile varazzino (oratorio salesiano, Protezione civile, associazioni sportive e di volontariato), al fine di offrire ai pi\u00f9 giovani modelli di vita sani ed equilibrati. Una serata di buona musica, arricchita da stand enogastronomici, il cui ricavato sar\u00e0 devoluto alla missione salesiana in Camerun.<\/p>\n","protected":false},"excerpt":{"rendered":"<p>Varazze. Sono aperte le iscrizioni alla terza edizione di &#8220;Rock on the Rocks&#8221;, concorso per giovani band emergenti che si terr\u00e0 a Varazze, Molo del surf, venerd\u00ec 3 settembre a partire dalle ore 21. Sar\u00e0 possibile iscriversi entro il 26 agosto scrivendo a rockontherocks@hotmail.it. L\u2019evento, nato del 2007, da la possibilit\u00e0 ad otto band di [&hellip;]<\/p>\n","protected":false},"author":13744,"featured_media":0,"comment_status":"open","ping_status":"closed","sticky":false,"template":"","format":"standard","meta":{"footnotes":""},"categories":[],"tags":[862,9807,826,85868],"class_list":["post-98349","post","type-post","status-publish","format-standard","hentry","tag-concorso","tag-iscrizioni","tag-musica","tag-varazze","post_cat_citta-varazze"],"amp_validity":null,"amp_enabled":true,"_links":{"self":[{"href":"https:\/\/staging.ivg.it\/ediapi\/wp\/v2\/posts\/98349","targetHints":{"allow":["GET"]}}],"collection":[{"href":"https:\/\/staging.ivg.it\/ediapi\/wp\/v2\/posts"}],"about":[{"href":"https:\/\/staging.ivg.it\/ediapi\/wp\/v2\/types\/post"}],"author":[{"embeddable":true,"href":"https:\/\/staging.ivg.it\/ediapi\/wp\/v2\/users\/13744"}],"replies":[{"embeddable":true,"href":"https:\/\/staging.ivg.it\/ediapi\/wp\/v2\/comments?post=98349"}],"version-history":[{"count":0,"href":"https:\/\/staging.ivg.it\/ediapi\/wp\/v2\/posts\/98349\/revisions"}],"wp:attachment":[{"href":"https:\/\/staging.ivg.it\/ediapi\/wp\/v2\/media?parent=98349"}],"wp:term":[{"taxonomy":"category","embeddable":true,"href":"https:\/\/staging.ivg.it\/ediapi\/wp\/v2\/categories?post=98349"},{"taxonomy":"post_tag","embeddable":true,"href":"https:\/\/staging.ivg.it\/ediapi\/wp\/v2\/tags?post=98349"}],"curies":[{"name":"wp","href":"https:\/\/api.w.org\/{rel}","templated":true}]}}