{"id":98066,"date":"2010-08-19T15:59:10","date_gmt":"2010-08-19T13:59:10","guid":{"rendered":"http:\/\/www.ivg.it\/?p=98066"},"modified":"2010-08-19T15:59:10","modified_gmt":"2010-08-19T13:59:10","slug":"vendone-in-scena-lo-spettacolo-teatrale-ballata-per-un-assedio","status":"publish","type":"post","link":"https:\/\/staging.ivg.it\/2010\/08\/vendone-in-scena-lo-spettacolo-teatrale-ballata-per-un-assedio\/","title":{"rendered":"Vendone: in scena lo spettacolo teatrale &#8220;Ballata per un assedio&#8221;"},"content":{"rendered":"<p><strong>Vendone.<\/strong> Venerd\u00ec\u00a020 agosto\u00a0alle 21.30 presso il parco delle Sculture a Castellaro Vendone si terr\u00e0 lo spettacolo teatrale &#8220;Ballata per un assedio&#8221; di Simone Gandolfo e Elvira Mujcic.\u00a0\u00a0La compagnia \u00e8 l&#8217;associazione culturale Dago&#8217;s con la regia di Simone Gandolfo che \u00e8 anche l&#8217;attore recitante accompagnato dal violoncello di Lamberto Curtoni. Lo spettacolo \u00e8 organizzato in collaborazione con il Comune di Vendone e la Fondazione Kriester.<\/p>\n<p>La storia \u00e8 legata al\u00a0 dramma della guerra di Bosnia ma potrebbe svolgersi nel mezzo di qualsiasi guerra, macerie e distruzione sono il desolato teatro dove inizia la storia, un non luogo che \u00e8 archetipo di tutti\u00a0 i luoghi dove l&#8217;odio e la stupidit\u00e0 degli uomni seminano morte.<\/p>\n<p>Lo spettacolo era in programma sabato scorso ma \u00e8 stato rinviato per la pioggia a venerdi 20 agosto.<\/p>\n","protected":false},"excerpt":{"rendered":"<p>Vendone. Venerd\u00ec\u00a020 agosto\u00a0alle 21.30 presso il parco delle Sculture a Castellaro Vendone si terr\u00e0 lo spettacolo teatrale &#8220;Ballata per un assedio&#8221; di Simone Gandolfo e Elvira Mujcic.\u00a0\u00a0La compagnia \u00e8 l&#8217;associazione culturale Dago&#8217;s con la regia di Simone Gandolfo che \u00e8 anche l&#8217;attore recitante accompagnato dal violoncello di Lamberto Curtoni. Lo spettacolo \u00e8 organizzato in collaborazione [&hellip;]<\/p>\n","protected":false},"author":13744,"featured_media":0,"comment_status":"open","ping_status":"closed","sticky":false,"template":"","format":"standard","meta":{"footnotes":""},"categories":[],"tags":[110,490,107,85964],"class_list":["post-98066","post","type-post","status-publish","format-standard","hentry","tag-spettacolo","tag-teatro","tag-turismo","tag-vendone","post_cat_citta-vendone"],"amp_validity":null,"amp_enabled":true,"_links":{"self":[{"href":"https:\/\/staging.ivg.it\/ediapi\/wp\/v2\/posts\/98066","targetHints":{"allow":["GET"]}}],"collection":[{"href":"https:\/\/staging.ivg.it\/ediapi\/wp\/v2\/posts"}],"about":[{"href":"https:\/\/staging.ivg.it\/ediapi\/wp\/v2\/types\/post"}],"author":[{"embeddable":true,"href":"https:\/\/staging.ivg.it\/ediapi\/wp\/v2\/users\/13744"}],"replies":[{"embeddable":true,"href":"https:\/\/staging.ivg.it\/ediapi\/wp\/v2\/comments?post=98066"}],"version-history":[{"count":0,"href":"https:\/\/staging.ivg.it\/ediapi\/wp\/v2\/posts\/98066\/revisions"}],"wp:attachment":[{"href":"https:\/\/staging.ivg.it\/ediapi\/wp\/v2\/media?parent=98066"}],"wp:term":[{"taxonomy":"category","embeddable":true,"href":"https:\/\/staging.ivg.it\/ediapi\/wp\/v2\/categories?post=98066"},{"taxonomy":"post_tag","embeddable":true,"href":"https:\/\/staging.ivg.it\/ediapi\/wp\/v2\/tags?post=98066"}],"curies":[{"name":"wp","href":"https:\/\/api.w.org\/{rel}","templated":true}]}}