{"id":97930,"date":"2010-08-18T10:03:57","date_gmt":"2010-08-18T08:03:57","guid":{"rendered":"http:\/\/www.ivg.it\/?p=97930"},"modified":"2010-08-18T14:31:01","modified_gmt":"2010-08-18T12:31:01","slug":"savona-sanremese-con-la-coppa-italia-si-apre-ufficialmente-la-stagione-biancoblu","status":"publish","type":"post","link":"https:\/\/staging.ivg.it\/2010\/08\/savona-sanremese-con-la-coppa-italia-si-apre-ufficialmente-la-stagione-biancoblu\/","title":{"rendered":"Savona-Sanremese: con la Coppa Italia si apre ufficialmente la stagione biancobl\u00f9"},"content":{"rendered":"<p><strong>Savona<\/strong>. Oggi alle 17, al Chittolina di Vado, si apre ufficialmente la stagione del Savona Calcio che affronter\u00e0 la Sanremese in Coppa Italia. Dopo le tente amichevoli di preparazione oggi i biancobl\u00f9 inizieranno a fare sul serio. I giocatori sono tutti convocati tranne Mezgour, ancora fermo per uno stiramento, Candolini, che si era fermato per un affaticamento ma che ha gi\u00e0 ripreso a lavorare col gruppo, e Chiarini, fermo per uno strappo.<\/p>\n<p>Non ci sar\u00e0 nemmeno Piccioni che rientrer\u00e0 il 23 per residui di squalifica dalla scorsa stagione. &#8220;Questa \u00e8 la prima partita in cui ci sono in palio dei punti ma la mentalit\u00e0 deve essere sempre la stessa, come per un&#8217;amichevole &#8211; ha commentato il mister alla fine dell&#8217;allenamento di ieri pomeriggio -. La formazione non l&#8217;ho ancora decisa, poi \u00e8 normale che in ogni squadra ci sia sempre un blocco di giocatori titolari&#8221;.<\/p>\n<p>Sulla condizione fisica Ruotolo ha dichiarato che si sta lavorando ancora per arrivare nella condizione ottimale alla prima di campionato. &#8220;La domenica \u00e8 lo specchio del lavoro svolto durante la settimana &#8211; ha concluso il mister -, e l&#8217;aspetto mentale \u00e8 sempre la cosa pi\u00f9 importante&#8221;. I biglietti per la gara (posto unico 10 euro) saranno nominativi, pertanto sar\u00e0 necessario esibire alla cassa il documento di identit\u00e0.<\/p>\n","protected":false},"excerpt":{"rendered":"<p>Savona. Oggi alle 17, al Chittolina di Vado, si apre ufficialmente la stagione del Savona Calcio che affronter\u00e0 la Sanremese in Coppa Italia. Dopo le tente amichevoli di preparazione oggi i biancobl\u00f9 inizieranno a fare sul serio. I giocatori sono tutti convocati tranne Mezgour, ancora fermo per uno stiramento, Candolini, che si era fermato per [&hellip;]<\/p>\n","protected":false},"author":13744,"featured_media":0,"comment_status":"open","ping_status":"closed","sticky":false,"template":"","format":"standard","meta":{"footnotes":""},"categories":[56,32],"tags":[15732,259,15684,85850,86042],"class_list":["post-97930","post","type-post","status-publish","format-standard","hentry","category-altre","category-sport","tag-chittolina","tag-coppa-italia","tag-sanremese","tag-savona","tag-savona-calcio","post_cat_citta-savona","post_cat_citta-vado-ligure"],"amp_validity":null,"amp_enabled":true,"_links":{"self":[{"href":"https:\/\/staging.ivg.it\/ediapi\/wp\/v2\/posts\/97930","targetHints":{"allow":["GET"]}}],"collection":[{"href":"https:\/\/staging.ivg.it\/ediapi\/wp\/v2\/posts"}],"about":[{"href":"https:\/\/staging.ivg.it\/ediapi\/wp\/v2\/types\/post"}],"author":[{"embeddable":true,"href":"https:\/\/staging.ivg.it\/ediapi\/wp\/v2\/users\/13744"}],"replies":[{"embeddable":true,"href":"https:\/\/staging.ivg.it\/ediapi\/wp\/v2\/comments?post=97930"}],"version-history":[{"count":0,"href":"https:\/\/staging.ivg.it\/ediapi\/wp\/v2\/posts\/97930\/revisions"}],"wp:attachment":[{"href":"https:\/\/staging.ivg.it\/ediapi\/wp\/v2\/media?parent=97930"}],"wp:term":[{"taxonomy":"category","embeddable":true,"href":"https:\/\/staging.ivg.it\/ediapi\/wp\/v2\/categories?post=97930"},{"taxonomy":"post_tag","embeddable":true,"href":"https:\/\/staging.ivg.it\/ediapi\/wp\/v2\/tags?post=97930"}],"curies":[{"name":"wp","href":"https:\/\/api.w.org\/{rel}","templated":true}]}}