{"id":97782,"date":"2010-08-18T09:06:25","date_gmt":"2010-08-18T07:06:25","guid":{"rendered":"http:\/\/www.ivg.it\/?p=97782"},"modified":"2010-08-19T11:04:44","modified_gmt":"2010-08-19T09:04:44","slug":"albenga-nel-secondo-mercoledi-della-storia-si-parla-di-cavour","status":"publish","type":"post","link":"https:\/\/staging.ivg.it\/2010\/08\/albenga-nel-secondo-mercoledi-della-storia-si-parla-di-cavour\/","title":{"rendered":"Albenga, nel secondo &#8220;Mercoled\u00ec della Storia&#8221; si parla di Cavour"},"content":{"rendered":"<p><strong>Albenga<\/strong>. Questa sera, mercoled\u00ec 18 agosto, presso il Museo Sommariva di Albenga, \u00e8 in arrivo il secondo appuntamento con \u201cI Mercoled\u00ec della Storia\u201d, ciclo di conferenze a sfondo storico a cura del noto professor Pier Franco Quaglieni, docente, storico, saggista, fondatore del Centro Pannunzio di Torino, con la collaborazione del professor Gianni Ballabio.<\/p>\n<p>Ospitati nella suggestiva cornice del Museo Sommariva, \u201cI Mercoled\u00ec della Storia\u201d intendono ripercorrere pagine note e meno note di storia italiana, indagate con spirito critico, ponendosi al di sopra delle interpretazione di parte. Rileggere la storia nazionale significa infatti fare i conti con il passato per capire il presente e intuire cosa ci riserva il futuro. Ogni storia, diceva Benedetto Croce, \u00e8 sempre storia contemporanea.<\/p>\n<p>Pier Franco Quaglieni, docente e saggista di storia risorgimentale e contemporanea, terr\u00e0 una conversazione con dibattito che avr\u00e0 luogo al Museo Sommariva di Albenga. Sar\u00e0 introdotta e moderata da Gianni Ballabio.<\/p>\n<p>Dopo la serata di mercoled\u00ec 11 agosto, nella quale, in occasione del 150\u00b0 anniversario dell&#8217;Impresa dei Mille, partita da Quarto nel 1860, si \u00e8 parlato di \u201cGaribaldi: eroe del Risorgimento o avventuriero dei Due Mondi?\u201d, alle ore 21 di questa sera, in occasione del Bicentenario della nascita di Cavour, si parler\u00e0 di \u201cCavour artefice dell&#8217;unit\u00e0 nazionale o del potere dei Savoia in Italia?\u201d.<\/p>\n<p>L&#8217;evento \u00e8 organizzato dal Museo Sommariva \u201cLa Civilt\u00e0 dell&#8217;Olio\u201d in collaborazione con il Centro Pannunzio, con il patrocinio del Comune di Albenga.<\/p>\n","protected":false},"excerpt":{"rendered":"<p>Albenga. Questa sera, mercoled\u00ec 18 agosto, presso il Museo Sommariva di Albenga, \u00e8 in arrivo il secondo appuntamento con \u201cI Mercoled\u00ec della Storia\u201d, ciclo di conferenze a sfondo storico a cura del noto professor Pier Franco Quaglieni, docente, storico, saggista, fondatore del Centro Pannunzio di Torino, con la collaborazione del professor Gianni Ballabio. Ospitati nella [&hellip;]<\/p>\n","protected":false},"author":5,"featured_media":0,"comment_status":"open","ping_status":"closed","sticky":false,"template":"","format":"standard","meta":{"footnotes":""},"categories":[],"tags":[85841,26071,86216,2292,1516],"class_list":["post-97782","post","type-post","status-publish","format-standard","hentry","tag-albenga","tag-gianni-ballabio","tag-museo-sommariva","tag-pier-franco-quaglieni","tag-storia","post_cat_citta-albenga"],"amp_validity":null,"amp_enabled":true,"_links":{"self":[{"href":"https:\/\/staging.ivg.it\/ediapi\/wp\/v2\/posts\/97782","targetHints":{"allow":["GET"]}}],"collection":[{"href":"https:\/\/staging.ivg.it\/ediapi\/wp\/v2\/posts"}],"about":[{"href":"https:\/\/staging.ivg.it\/ediapi\/wp\/v2\/types\/post"}],"author":[{"embeddable":true,"href":"https:\/\/staging.ivg.it\/ediapi\/wp\/v2\/users\/5"}],"replies":[{"embeddable":true,"href":"https:\/\/staging.ivg.it\/ediapi\/wp\/v2\/comments?post=97782"}],"version-history":[{"count":0,"href":"https:\/\/staging.ivg.it\/ediapi\/wp\/v2\/posts\/97782\/revisions"}],"wp:attachment":[{"href":"https:\/\/staging.ivg.it\/ediapi\/wp\/v2\/media?parent=97782"}],"wp:term":[{"taxonomy":"category","embeddable":true,"href":"https:\/\/staging.ivg.it\/ediapi\/wp\/v2\/categories?post=97782"},{"taxonomy":"post_tag","embeddable":true,"href":"https:\/\/staging.ivg.it\/ediapi\/wp\/v2\/tags?post=97782"}],"curies":[{"name":"wp","href":"https:\/\/api.w.org\/{rel}","templated":true}]}}