{"id":97776,"date":"2010-08-16T15:49:32","date_gmt":"2010-08-16T13:49:32","guid":{"rendered":"http:\/\/www.ivg.it\/?p=97776"},"modified":"2010-08-17T11:09:08","modified_gmt":"2010-08-17T09:09:08","slug":"savona-videosorveglianza-e-illuminazione-per-la-riqualificazione-di-piazza-del-popolo","status":"publish","type":"post","link":"https:\/\/staging.ivg.it\/2010\/08\/savona-videosorveglianza-e-illuminazione-per-la-riqualificazione-di-piazza-del-popolo\/","title":{"rendered":"Savona: videosorveglianza e illuminazione per la riqualificazione di Piazza del Popolo"},"content":{"rendered":"<p><strong>Savona.<\/strong> La Giunta Comunale ha approvato il progetto sicurezza di Piazza del Popolo nell&#8217;ambito dell&#8217;intervento di riqualificazione della piazza. L&#8217;intervento, che prevede anche la ristrutturazione dei giardini con il riposizionamento dei percorsi, l&#8217;eliminazione di alcune strutture in cemento e una maggiore illuminazione, comprende nello specifico l&#8217;installazione di impianti di videosorveglianza e la riqualificazione urbana con il trasferimento del Distaccamento Centro del Corpo della Polizia Municipale previa ristrutturazione dell&#8217;attuale biglietteria in uso all&#8217;A.C.T.S.<br \/>\nL&#8217;importo di questo progetto \u00e8 di circa 270.000 euro, cofinanziato dalla Regione Liguria, dove il Comune di Savona concorre con la somma di 80.000 euro.<\/p>\n<p>Afferma il Sindaco di Savona Federico Berruti \u201cLa riqualificazione di piazza del Popolo \u00e8 una priorit\u00e0. Non \u00e8 semplice da realizzare, e quindi \u00e8 necessario intervenire con diversi strumenti. Dopo l&#8217;emanazione delle ordinanze, con la decisione di oggi avremo tra qualche mese un maggiore presidio fisico grazie ad un distaccamento della Polizia Municipale, e ad una piazza pi\u00f9 luminosa. Insieme alla prossima installazione di telecamere, questo mix di azioni concretizza il nostro impegno per la sicurezza e la vivibilit\u00e0 del centro della citt\u00e0. In sintesi: maggiore sicurezza attraverso pi\u00f9 forze dell&#8217;ordine sul territorio, pi\u00f9 videosorveglianza, spazi meno bui e pi\u00f9 illuminati.\u201d<\/p>\n<p>Afferma il Vicesindaco Paolo Caviglia \u201cQuesto \u00e8 un progetto sul quale stiamo lavorando da tempo e che va incontro alle aspettative degli abitanti, un impegno che insieme al Sindaco abbiamo preso con i cittadini e che vogliamo portare avanti per garantire maggior sicurezza e vivibilit\u00e0 di una piazza storica ed importante per Savona. L&#8217;inizio dei lavori \u00e8 previsto entro i primi di novembre\u201d.<\/p>\n","protected":false},"excerpt":{"rendered":"<p>Savona. La Giunta Comunale ha approvato il progetto sicurezza di Piazza del Popolo nell&#8217;ambito dell&#8217;intervento di riqualificazione della piazza. L&#8217;intervento, che prevede anche la ristrutturazione dei giardini con il riposizionamento dei percorsi, l&#8217;eliminazione di alcune strutture in cemento e una maggiore illuminazione, comprende nello specifico l&#8217;installazione di impianti di videosorveglianza e la riqualificazione urbana con [&hellip;]<\/p>\n","protected":false},"author":13744,"featured_media":0,"comment_status":"open","ping_status":"closed","sticky":false,"template":"","format":"standard","meta":{"footnotes":""},"categories":[],"tags":[594,86019,1062,3233,1248,85850,183],"class_list":["post-97776","post","type-post","status-publish","format-standard","hentry","tag-acts","tag-comune","tag-federico-berruti","tag-paolo-caviglia","tag-piazza-del-popolo","tag-savona","tag-sicurezza","post_cat_citta-savona"],"amp_validity":null,"amp_enabled":true,"_links":{"self":[{"href":"https:\/\/staging.ivg.it\/ediapi\/wp\/v2\/posts\/97776","targetHints":{"allow":["GET"]}}],"collection":[{"href":"https:\/\/staging.ivg.it\/ediapi\/wp\/v2\/posts"}],"about":[{"href":"https:\/\/staging.ivg.it\/ediapi\/wp\/v2\/types\/post"}],"author":[{"embeddable":true,"href":"https:\/\/staging.ivg.it\/ediapi\/wp\/v2\/users\/13744"}],"replies":[{"embeddable":true,"href":"https:\/\/staging.ivg.it\/ediapi\/wp\/v2\/comments?post=97776"}],"version-history":[{"count":0,"href":"https:\/\/staging.ivg.it\/ediapi\/wp\/v2\/posts\/97776\/revisions"}],"wp:attachment":[{"href":"https:\/\/staging.ivg.it\/ediapi\/wp\/v2\/media?parent=97776"}],"wp:term":[{"taxonomy":"category","embeddable":true,"href":"https:\/\/staging.ivg.it\/ediapi\/wp\/v2\/categories?post=97776"},{"taxonomy":"post_tag","embeddable":true,"href":"https:\/\/staging.ivg.it\/ediapi\/wp\/v2\/tags?post=97776"}],"curies":[{"name":"wp","href":"https:\/\/api.w.org\/{rel}","templated":true}]}}