{"id":97766,"date":"2010-08-16T14:45:09","date_gmt":"2010-08-16T12:45:09","guid":{"rendered":"http:\/\/www.ivg.it\/?p=97766"},"modified":"2010-08-16T14:45:09","modified_gmt":"2010-08-16T12:45:09","slug":"spotorno-notte-in-maschera-rinviata-a-mercoledi","status":"publish","type":"post","link":"https:\/\/staging.ivg.it\/2010\/08\/spotorno-notte-in-maschera-rinviata-a-mercoledi\/","title":{"rendered":"Spotorno, &#8220;Notte in Maschera&#8221; rinviata a mercoled\u00ec"},"content":{"rendered":"<p><strong>Spotorno<\/strong>. A causa del maltempo la manifestazione di Ferragosto &#8220;Notte in Maschera&#8221;, organizzata dal Comune di Spotorno, assessorato al Turismo, in collaborazione con l&#8217;Associazione Bagni Marini, l&#8217;Associazione Albergatori e l&#8217;Associazione Pro Loco e l&#8217;Associazione Commercianti, \u00e8 stata rinviata da sabato 14 agosto a mercoled\u00ec 18 agosto.<\/p>\n<p>Alle 21,30 \u00e8 prevista la parata Carnevalesca per le vie del paese con la formazione Batebalengo Big Samba Band accompagnati dalle ballerine brasiliane dell\u2019Ipanema Show. Alle 22 il concerto della &#8220;Full Motion blues band&#8221; presso piazza della Vittoria e Batebalengo Big Samba Band, spettacolo itinerante per le vie del paese. Alle 23,30 Ipanema Show, la Rivista Brasiliana con il gran finale in piazza della vittoria.<\/p>\n","protected":false},"excerpt":{"rendered":"<p>Spotorno. A causa del maltempo la manifestazione di Ferragosto &#8220;Notte in Maschera&#8221;, organizzata dal Comune di Spotorno, assessorato al Turismo, in collaborazione con l&#8217;Associazione Bagni Marini, l&#8217;Associazione Albergatori e l&#8217;Associazione Pro Loco e l&#8217;Associazione Commercianti, \u00e8 stata rinviata da sabato 14 agosto a mercoled\u00ec 18 agosto. Alle 21,30 \u00e8 prevista la parata Carnevalesca per le [&hellip;]<\/p>\n","protected":false},"author":5,"featured_media":0,"comment_status":"open","ping_status":"closed","sticky":false,"template":"","format":"standard","meta":{"footnotes":""},"categories":[],"tags":[4894,85863],"class_list":["post-97766","post","type-post","status-publish","format-standard","hentry","tag-rinvio","tag-spotorno","post_cat_citta-spotorno"],"amp_validity":null,"amp_enabled":true,"_links":{"self":[{"href":"https:\/\/staging.ivg.it\/ediapi\/wp\/v2\/posts\/97766","targetHints":{"allow":["GET"]}}],"collection":[{"href":"https:\/\/staging.ivg.it\/ediapi\/wp\/v2\/posts"}],"about":[{"href":"https:\/\/staging.ivg.it\/ediapi\/wp\/v2\/types\/post"}],"author":[{"embeddable":true,"href":"https:\/\/staging.ivg.it\/ediapi\/wp\/v2\/users\/5"}],"replies":[{"embeddable":true,"href":"https:\/\/staging.ivg.it\/ediapi\/wp\/v2\/comments?post=97766"}],"version-history":[{"count":0,"href":"https:\/\/staging.ivg.it\/ediapi\/wp\/v2\/posts\/97766\/revisions"}],"wp:attachment":[{"href":"https:\/\/staging.ivg.it\/ediapi\/wp\/v2\/media?parent=97766"}],"wp:term":[{"taxonomy":"category","embeddable":true,"href":"https:\/\/staging.ivg.it\/ediapi\/wp\/v2\/categories?post=97766"},{"taxonomy":"post_tag","embeddable":true,"href":"https:\/\/staging.ivg.it\/ediapi\/wp\/v2\/tags?post=97766"}],"curies":[{"name":"wp","href":"https:\/\/api.w.org\/{rel}","templated":true}]}}