{"id":97642,"date":"2010-08-14T08:21:21","date_gmt":"2010-08-14T06:21:21","guid":{"rendered":"http:\/\/www.ivg.it\/?p=97642"},"modified":"2010-08-14T08:21:21","modified_gmt":"2010-08-14T06:21:21","slug":"savona-settimana-culturale-ecuadoriana-oggi-il-torneo-di-calcio","status":"publish","type":"post","link":"https:\/\/staging.ivg.it\/2010\/08\/savona-settimana-culturale-ecuadoriana-oggi-il-torneo-di-calcio\/","title":{"rendered":"Savona, Settimana Culturale Ecuadoriana: oggi il torneo di calcio"},"content":{"rendered":"<p><strong>Savona<\/strong>. Questo pomeriggio, alle 14, al campetto Maracan\u00e1 di via Nizza, nell&#8217;ambito della Settimana Culturale Ecuadoriana Savona 2010, organizzata da Unione di Solidariet\u00e0 degli Ecuadoriani in Italia, con il contributo di Anolf, Assessorato ai Quartieri e Pachamama, si giocher\u00e0 il Torneo di calcio &#8220;Iindipendenza dell&#8217;Ecuador&#8221;. Alla manifestazione parteciperanno squadre dall&#8217;Italia, dal Per\u00f9, dai Paesi Arabi e dall&#8217;Ecuador.<\/p>\n","protected":false},"excerpt":{"rendered":"<p>Savona. Questo pomeriggio, alle 14, al campetto Maracan\u00e1 di via Nizza, nell&#8217;ambito della Settimana Culturale Ecuadoriana Savona 2010, organizzata da Unione di Solidariet\u00e0 degli Ecuadoriani in Italia, con il contributo di Anolf, Assessorato ai Quartieri e Pachamama, si giocher\u00e0 il Torneo di calcio &#8220;Iindipendenza dell&#8217;Ecuador&#8221;. Alla manifestazione parteciperanno squadre dall&#8217;Italia, dal Per\u00f9, dai Paesi Arabi [&hellip;]<\/p>\n","protected":false},"author":13744,"featured_media":0,"comment_status":"open","ping_status":"closed","sticky":false,"template":"","format":"standard","meta":{"footnotes":""},"categories":[56,32],"tags":[85850,25652],"class_list":["post-97642","post","type-post","status-publish","format-standard","hentry","category-altre","category-sport","tag-savona","tag-settimana-culturale-ecuadoriana","post_cat_citta-savona"],"amp_validity":null,"amp_enabled":true,"_links":{"self":[{"href":"https:\/\/staging.ivg.it\/ediapi\/wp\/v2\/posts\/97642","targetHints":{"allow":["GET"]}}],"collection":[{"href":"https:\/\/staging.ivg.it\/ediapi\/wp\/v2\/posts"}],"about":[{"href":"https:\/\/staging.ivg.it\/ediapi\/wp\/v2\/types\/post"}],"author":[{"embeddable":true,"href":"https:\/\/staging.ivg.it\/ediapi\/wp\/v2\/users\/13744"}],"replies":[{"embeddable":true,"href":"https:\/\/staging.ivg.it\/ediapi\/wp\/v2\/comments?post=97642"}],"version-history":[{"count":0,"href":"https:\/\/staging.ivg.it\/ediapi\/wp\/v2\/posts\/97642\/revisions"}],"wp:attachment":[{"href":"https:\/\/staging.ivg.it\/ediapi\/wp\/v2\/media?parent=97642"}],"wp:term":[{"taxonomy":"category","embeddable":true,"href":"https:\/\/staging.ivg.it\/ediapi\/wp\/v2\/categories?post=97642"},{"taxonomy":"post_tag","embeddable":true,"href":"https:\/\/staging.ivg.it\/ediapi\/wp\/v2\/tags?post=97642"}],"curies":[{"name":"wp","href":"https:\/\/api.w.org\/{rel}","templated":true}]}}