{"id":97580,"date":"2010-08-13T13:03:44","date_gmt":"2010-08-13T11:03:44","guid":{"rendered":"http:\/\/www.ivg.it\/?p=97580"},"modified":"2010-08-13T13:12:49","modified_gmt":"2010-08-13T11:12:49","slug":"unita-ditalia-iniziativa-congiunta-dei-comuni-di-millesimo-e-cengio","status":"publish","type":"post","link":"https:\/\/staging.ivg.it\/2010\/08\/unita-ditalia-iniziativa-congiunta-dei-comuni-di-millesimo-e-cengio\/","title":{"rendered":"Unit\u00e0 d&#8217;Italia, iniziativa congiunta dei comuni di Millesimo e Cengio"},"content":{"rendered":"<p><strong>Millesimo<\/strong>. Suggestiva iniziativa nell&#8217;ambito della manifestazione dell&#8217;Unit\u00e0 d&#8217;Italia che parte dai comuni di Millesimo e Cengio, con un viaggio in bicicletta che vedr\u00e0 protagonisti il millesimese Santino Melogno ed il cengese Leo Cavazzi e che toccar\u00e0, a partire dal 21 agosto, tutte le regioni italiane ed i luoghi pi\u00f9 significativi dell&#8217;Unit\u00e0 d&#8217;Italia.<\/p>\n<p>L&#8217;iniziativa rientra nelle manifestazioni che la Giunta comunale di Millesimo guidata dal sindaco Mauro Righello, ha deliberato per le manifestazioni del 150\u00b0 anniversario dell&#8217;Unit\u00e0 d&#8217;Italia e che si articoler\u00e0 in un nutrito programma nel biennio 2010-2011, sino ad arrivare all&#8217;apice nell&#8217;anno 2011 quando formalmente ricorrer\u00e0 l&#8217;importante ricorrenza nazionale. Tale programma \u00e8 stato condiviso dall&#8217;Istituto scolastico Lele Luzzati di Millesimo e dai comuni del territorio a partire dal comune di Cengio.<\/p>\n<p>Ricchissimo programma quindi che vede a Millesimo una serie di iniziative, dal dono che il sindaco vuole fare alle famiglie regalando a ciascuno la bandiera tricolore, alla presentazione di una ricerca storica sulla figura del garibaldino Elidoro Specchi, patrocinata dal Museo del Risorgimento di Bologna, vissuto lungamente a Millesimo e collegato sia alla figura di Giuseppe Cesare Abba, di cui ricorre quest&#8217;anno il centenario della morte, sia a quella di Garibaldi, che ha intrattenuto una ricca corrispondenza epistolare con il Presidente della Societ\u00e0 Operaia  millesimese.<\/p>\n<p>Nell&#8217;ambito delle celebrazioni Risorgimentali, il comune di Millesimo ha aderito alla proposta dell&#8217;ANPI provinciale in merito all&#8217;adozione di un articolo della Costituzione. La scelta della Giunt\u00e0 \u00e8 andata sull&#8217;articolo tre che mette in evidenza l&#8217;equaglianza dei cittadini e tale scelta appunto \u00e8 stata condivisa dai sindaci del territorio limitrofo e dalla consulta giovani.<\/p>\n<p>Ma veniamo al preludio di tali manifestazioni che i ciclisti Cavazzi e Melogno, non nuovi ad iniziative di questa natura, porteranno per l&#8217;Italia attraverso circa duemilaottocento chilometri di percorso in bicicletta che toccher\u00e0 le localit\u00e0 maggiormente significative dell&#8217;Unit\u00e0 d&#8217;Italia: da Torino \u2013 prima capitale italiana \u2013 a Bergamo \u2013 citt\u00e0 dei Mille \u2013 da Brescia \u2013 dove muore Giuseppe Cesare Abba \u2013 a Bassano del Grappa e Vittorio Veneto \u2013 e ancora ad Assisi per un omaggio a San Francesco patrono d&#8217;Italia, a Teano ma anche l&#8217;Aquila \u2013 dove si \u00e8 consumato recentemente un dramma nazionale \u2013 e poi via via lungo le strade del nostro Paese per ritornare a Millesimo e a Cengio il quattordici settembre dove saranno accolti da comitato per le celebrazioni dell&#8217;Unit\u00e0 d&#8217;Italia. Il viaggio denominato \u201cVerso l&#8217;Unit\u00e0 d&#8217;Italia\u201d, oltre a portare il clima dell&#8217;Italia unita voluto dagli organizzatori delle manifestazioni, vuole ritrovare un filo conduttore comune tra italiani e dare un senso compiuto e vero al termine Patria.<\/p>\n","protected":false},"excerpt":{"rendered":"<p>Millesimo. Suggestiva iniziativa nell&#8217;ambito della manifestazione dell&#8217;Unit\u00e0 d&#8217;Italia che parte dai comuni di Millesimo e Cengio, con un viaggio in bicicletta che vedr\u00e0 protagonisti il millesimese Santino Melogno ed il cengese Leo Cavazzi e che toccar\u00e0, a partire dal 21 agosto, tutte le regioni italiane ed i luoghi pi\u00f9 significativi dell&#8217;Unit\u00e0 d&#8217;Italia. L&#8217;iniziativa rientra nelle [&hellip;]<\/p>\n","protected":false},"author":13744,"featured_media":0,"comment_status":"open","ping_status":"closed","sticky":false,"template":"","format":"standard","meta":{"footnotes":""},"categories":[],"tags":[1788,85897,85857,15194],"class_list":["post-97580","post","type-post","status-publish","format-standard","hentry","tag-anniversario","tag-cengio","tag-millesimo","tag-unita-ditalia","post_cat_citta-cengio","post_cat_citta-millesimo"],"amp_validity":null,"amp_enabled":true,"_links":{"self":[{"href":"https:\/\/staging.ivg.it\/ediapi\/wp\/v2\/posts\/97580","targetHints":{"allow":["GET"]}}],"collection":[{"href":"https:\/\/staging.ivg.it\/ediapi\/wp\/v2\/posts"}],"about":[{"href":"https:\/\/staging.ivg.it\/ediapi\/wp\/v2\/types\/post"}],"author":[{"embeddable":true,"href":"https:\/\/staging.ivg.it\/ediapi\/wp\/v2\/users\/13744"}],"replies":[{"embeddable":true,"href":"https:\/\/staging.ivg.it\/ediapi\/wp\/v2\/comments?post=97580"}],"version-history":[{"count":0,"href":"https:\/\/staging.ivg.it\/ediapi\/wp\/v2\/posts\/97580\/revisions"}],"wp:attachment":[{"href":"https:\/\/staging.ivg.it\/ediapi\/wp\/v2\/media?parent=97580"}],"wp:term":[{"taxonomy":"category","embeddable":true,"href":"https:\/\/staging.ivg.it\/ediapi\/wp\/v2\/categories?post=97580"},{"taxonomy":"post_tag","embeddable":true,"href":"https:\/\/staging.ivg.it\/ediapi\/wp\/v2\/tags?post=97580"}],"curies":[{"name":"wp","href":"https:\/\/api.w.org\/{rel}","templated":true}]}}