{"id":96835,"date":"2010-08-05T07:49:35","date_gmt":"2010-08-05T05:49:35","guid":{"rendered":"http:\/\/www.ivg.it\/?p=96835"},"modified":"2010-08-05T14:35:32","modified_gmt":"2010-08-05T12:35:32","slug":"varazze-attesa-per-il-concerto-di-alex-britti","status":"publish","type":"post","link":"https:\/\/staging.ivg.it\/2010\/08\/varazze-attesa-per-il-concerto-di-alex-britti\/","title":{"rendered":"Varazze, attesa per il concerto di Alex Britti"},"content":{"rendered":"<p><strong>Varazze<\/strong>. Non ci sar\u00e0 bisogno di prendere &#8220;7000 caff\u00e8&#8221; per rimanere svegli al concerto, tutt&#8217;altro che &#8220;Gelido&#8221;, di Alex Britti. Il cantautore romano, grande interprete della musica pop italiana e chitarrista di valore internazionale, si esibir\u00e0 il prossimo 8 agosto in viale delle Nazioni Unite a Varazze, proponendo i suoi pi\u00f9 grandi successi e le canzoni del nuovo album &#8220;.23&#8221;.<\/p>\n<p>Britti, che torna dunque ad esibirsi nelle piazze e nei teatri italiani, sar\u00e0 supportato da una band di altissimo livello per una performance &#8220;live&#8221; che mescoler\u00e0 le canzoni pi\u00f9 famose alle \u201cnew entry\u201d.\u00a0 Molti i brani tratti dall\u2019ultimo cd: da &#8220;Piove&#8221; a &#8220;Buona fortuna&#8221; (primi due singoli estratti), dalla suggestiva &#8220;L\u2019attimo per sempre&#8221; a &#8220;Venite tutti a Roma&#8221;. Immancabili i suoi successi di sempre: dall\u2019ouverture con &#8220;Gelido&#8221; alla trascinante &#8220;La vasca&#8221;, da &#8220;7000 caff\u00e8&#8221; all\u2019intensa &#8220;Oggi sono io&#8221;. Due ore di grande musica dove non possono mancare &#8220;Solo una volta (o tutta la vita)&#8221;, &#8220;Le cose che ci uniscono&#8221;, &#8220;Lo zingaro felice&#8221;. L\u2019ingresso \u00e8 gratuito.<\/p>\n","protected":false},"excerpt":{"rendered":"<p>Varazze. Non ci sar\u00e0 bisogno di prendere &#8220;7000 caff\u00e8&#8221; per rimanere svegli al concerto, tutt&#8217;altro che &#8220;Gelido&#8221;, di Alex Britti. Il cantautore romano, grande interprete della musica pop italiana e chitarrista di valore internazionale, si esibir\u00e0 il prossimo 8 agosto in viale delle Nazioni Unite a Varazze, proponendo i suoi pi\u00f9 grandi successi e le [&hellip;]<\/p>\n","protected":false},"author":13744,"featured_media":0,"comment_status":"open","ping_status":"closed","sticky":false,"template":"","format":"standard","meta":{"footnotes":""},"categories":[],"tags":[25600,85868],"class_list":["post-96835","post","type-post","status-publish","format-standard","hentry","tag-alex-britti","tag-varazze","post_cat_citta-andora","post_cat_citta-varazze"],"amp_validity":null,"amp_enabled":true,"_links":{"self":[{"href":"https:\/\/staging.ivg.it\/ediapi\/wp\/v2\/posts\/96835","targetHints":{"allow":["GET"]}}],"collection":[{"href":"https:\/\/staging.ivg.it\/ediapi\/wp\/v2\/posts"}],"about":[{"href":"https:\/\/staging.ivg.it\/ediapi\/wp\/v2\/types\/post"}],"author":[{"embeddable":true,"href":"https:\/\/staging.ivg.it\/ediapi\/wp\/v2\/users\/13744"}],"replies":[{"embeddable":true,"href":"https:\/\/staging.ivg.it\/ediapi\/wp\/v2\/comments?post=96835"}],"version-history":[{"count":0,"href":"https:\/\/staging.ivg.it\/ediapi\/wp\/v2\/posts\/96835\/revisions"}],"wp:attachment":[{"href":"https:\/\/staging.ivg.it\/ediapi\/wp\/v2\/media?parent=96835"}],"wp:term":[{"taxonomy":"category","embeddable":true,"href":"https:\/\/staging.ivg.it\/ediapi\/wp\/v2\/categories?post=96835"},{"taxonomy":"post_tag","embeddable":true,"href":"https:\/\/staging.ivg.it\/ediapi\/wp\/v2\/tags?post=96835"}],"curies":[{"name":"wp","href":"https:\/\/api.w.org\/{rel}","templated":true}]}}