{"id":96745,"date":"2010-08-04T09:50:23","date_gmt":"2010-08-04T07:50:23","guid":{"rendered":"http:\/\/www.ivg.it\/?p=96745"},"modified":"2010-08-04T16:56:30","modified_gmt":"2010-08-04T14:56:30","slug":"dallorizzonte-al-soleluna-i-decibel-uccidono-la-movida-la-denuncia-degli-addetti-ai-lavori","status":"publish","type":"post","link":"https:\/\/staging.ivg.it\/2010\/08\/dallorizzonte-al-soleluna-i-decibel-uccidono-la-movida-la-denuncia-degli-addetti-ai-lavori\/","title":{"rendered":"Dall'&#8221;Orizzonte&#8221; al &#8220;Soleluna&#8221;, i decibel uccidono la movida: la denuncia degli addetti ai lavori"},"content":{"rendered":"<p><strong>Albissola Marina<\/strong>. Tempesta all'&#8221;Orizzonte&#8221; e tempi bui per il &#8220;Soleluna Beach&#8221;, cos\u00ec come per altri locali della movida rivierasca, &#8220;sorvegliati speciali&#8221; di amministrazioni comunali per alcuni &#8220;puntigliose&#8221; e di cittadini per i quali la notte \u00e8 fatta solo per dormire. Dopo la riduzione d&#8217;orario imposta al locale varazzino, colpevole di aver tenuto la musica ad un volume troppo alto, tocca ora alla discobeach albissolese fare i conti con i decibel &#8220;eccessivi&#8221;. A denunciare una situazione che mette in crisi gli addetti ai lavori \u00e8 proprio uno dei gestori di locali di Albissola Marina, nonch\u00e8 fondatore del gruppo targato Facebook &#8220;Funerale di Albissola Marina&#8221;.<\/p>\n<p>&#8220;Il Comune &#8211; dice Giorgio Cazzante &#8211; ha applicato, per questa settimana, quanto previsto nel protocollo d&#8217;intesa tra i gestori dei locali, l&#8217;amministrazione comunale, e i comitati di &#8216;buon riposo&#8217; cittadino, ovvero ha revocato la proroga di orario del &#8216;Soleluna Beach&#8217; per questa settimana a causa delle elevate emissioni sonore, riducendo l&#8217;orario di apertura della discoteca dalle 4 alle 2 il marted\u00ec e il sabato, uniche serate gentilmente concesse. Non tanto come commerciante, ma come cittadino, mi sorge spontanea una domanda: cosa vuol fare Albissola? Si \u00e8 parlato sui giornalidella situazione della nostra citt\u00e0 prima dell&#8217;estate, quando il Comune minacciava di ridurre gli orari delle attivit\u00e0 di svago e di ridurre quindi i servizi che fanno parte di un&#8217;ottica turistica intelligente, anzich\u00e8 aumentarli e aumentare i controlli da parte delle autorit\u00e0 competenti. Mi sembra giusto che, arrivati ad Agosto, si possa iniziare a fare un bilancio di questa stagione corta e difficile&#8221;.<\/p>\n<p>Nei primi giorni di giugno, infatti, \u00e8 stato firmato un protocollo d&#8217;intesa tra amministrazione comunale e titolari di esercizi pubblici che prevede deroghe all&#8217;orario nelle serate di marted\u00ec e sabato grazie alle quali le discoteche possono chiudere alle 4 e gli altri locali alle 3 del mattino. In pi\u00f9, il protocollo, vede la partecipazione da parte dei gestori dei locali alla pulizia delle aree adiacenti, oltre ad un servizio di vigilanza nei parcheggi e una stretta collaborazione con le stesse forze dell\u2019ordine a tutela dell\u2019ordine pubblico. Guai a &#8220;sgarrare&#8221; per\u00f2, soprattutto con i decibel eccessivi, pena la chiusura anticipata.<\/p>\n<p>Continua Cazzante: &#8220;Senza parlare di imposte fisse, tra cui la Tarsu che per gli esercizi di somministrazione alimenti e bevande aveva raggiunto la modica cifra di 12,50 euro al mq., e senza parlare del &#8216;protocollo d&#8217;intesa&#8217;, in gergo comune &#8216;tangente&#8217;, che era stata chiesta per lavorare con due ore di proroga a settimana dalle 2 alle 3 il marted\u00ec e il sabato, di 30 euro a sera, quindi 60 euro a settimana,\u00a0 viene spontanea un&#8217;altra domanda: considerato che nessun locale ha aderito a questo accordo, tenendo l&#8217;orario di chiusura alle 2 ad eccezione del &#8216;Soleluna beach&#8217;, i soldi che sono stati versati da quest&#8217;ultimo, che fine hanno fatto? Il protocollo d&#8217;intesa prevedeva, dai soldi che i locali avrebbero versato, l&#8217;istituzione di tutta una serie infinita ed eccessiva di servizi (di cui, in un paese normale, si occupa l&#8217;amministrazione): vigilantes, gestione dei parcheggi (quali?), intensificazione dei servizi di sicurezza, intensificazione dei servizi di pulizia e nettezza urbana e della videosorveglianza. Eppure il locale in questione questi soldi li ha versati per ottenere la proroga di orario: che fine hanno fatto?<br \/>\nIl risultato qual \u00e8?&#8221;.<\/p>\n<p>&#8220;Ad Albissola quest&#8217;anno girano solo ragazzini, ovvero coloro che non hanno mezzi per andare dove ci si pu\u00f2 divertire. Si passano la serata a chiedere i documenti per verificare che l&#8217;et\u00e0 dei consumatori di bevande alcoliche sia superiore al limite previsto dalla legge, dopo la mezzanotte non c&#8217;\u00e8 un&#8217;anima viva in giro, tranne qualche ubriaco o qualcuno che liberamente si fuma spinelli nelle zone pi\u00f9 buie, tranquillo di non incorrere in controlli poich\u00e8 non esistono. Tutto questo durante la settimana. Il week end, invece, coloro che si accontentano di una citt\u00e0 che non \u00e8 vero che non offre nulla, ma offre dei divertimenti &#8216;fantasma&#8217; (qualche concerto che termina a mezzanotte, qualche lettura di poesie, qualche triste bancarella simil-venditori ambulanti sulla spiaggia e qualche vaso di ceramica di cui abbiamo tutti la nausea) vengono ad Albissola e per finire trovano sbarramenti di polizia e carabinieri all&#8217;altezza dei Prana quasi come se vi fossero in atto degli attentati terroristici. Nulla da dire contro i controlli da parte delle forze dell&#8217;ordine, anzi: da noi gestori (anche se forse non da tutti) sono sempre molto ben graditi, ma con un minimo di organizzazione potrebbero servire a qualcosa anche alla comunit\u00e0, come ad esempio estenderli durante tutta la settimana come accadeva, ad esempio, gli anni scorsi in Piazza Rossello; e non uno sbarramento senza senso al sabato sera e basta&#8221;.<\/p>\n<p>&#8220;I programmi musicali del mio locale hanno subito una riduzione del 100% per la stagione estiva; i programmi musicali e artistici delle discobeach a quanto pare non saranno portati a termine e anzi, molti colleghi che gestiscono altri locali hanno addirittura deciso di non effettuare nemmeno pi\u00f9 il servizio di apertura serale. Ci tengo semplicemente, a nome mio e di tutti i colleghi commercianti del mio settore, che sia chiaro all&#8217;utenza e alla clientela che nonostante tutto continua a venire ad Albissola che, se il livello qualitativo delle iniziative dei locali cala, se le serate musicali sono state annullate o ridotte, e se soprattutto non c&#8217;\u00e8 un servizio completo come invece succedeva gli anni scorsi, non dipende da noi; ma dalla poca tolleranza che \u00e8 stata concessa e dalla mentalit\u00e0 ottusa della nostra amministrazione&#8221;.<\/p>\n","protected":false},"excerpt":{"rendered":"<p>Albissola Marina. Tempesta all&#8217;&#8221;Orizzonte&#8221; e tempi bui per il &#8220;Soleluna Beach&#8221;, cos\u00ec come per altri locali della movida rivierasca, &#8220;sorvegliati speciali&#8221; di amministrazioni comunali per alcuni &#8220;puntigliose&#8221; e di cittadini per i quali la notte \u00e8 fatta solo per dormire. Dopo la riduzione d&#8217;orario imposta al locale varazzino, colpevole di aver tenuto la musica ad [&hellip;]<\/p>\n","protected":false},"author":2620,"featured_media":0,"comment_status":"open","ping_status":"closed","sticky":false,"template":"","format":"standard","meta":{"footnotes":""},"categories":[],"tags":[86007,1510,2707,1942,3192,4222,2505,15619,9967,107],"class_list":["post-96745","post","type-post","status-publish","format-standard","hentry","tag-albissola-marina","tag-bar","tag-chiusura","tag-commercianti","tag-decibel","tag-discoteca","tag-divertimento","tag-locali-pubblici","tag-movida","tag-turismo","post_cat_citta-albissola-marina"],"amp_validity":null,"amp_enabled":true,"_links":{"self":[{"href":"https:\/\/staging.ivg.it\/ediapi\/wp\/v2\/posts\/96745","targetHints":{"allow":["GET"]}}],"collection":[{"href":"https:\/\/staging.ivg.it\/ediapi\/wp\/v2\/posts"}],"about":[{"href":"https:\/\/staging.ivg.it\/ediapi\/wp\/v2\/types\/post"}],"author":[{"embeddable":true,"href":"https:\/\/staging.ivg.it\/ediapi\/wp\/v2\/users\/2620"}],"replies":[{"embeddable":true,"href":"https:\/\/staging.ivg.it\/ediapi\/wp\/v2\/comments?post=96745"}],"version-history":[{"count":0,"href":"https:\/\/staging.ivg.it\/ediapi\/wp\/v2\/posts\/96745\/revisions"}],"wp:attachment":[{"href":"https:\/\/staging.ivg.it\/ediapi\/wp\/v2\/media?parent=96745"}],"wp:term":[{"taxonomy":"category","embeddable":true,"href":"https:\/\/staging.ivg.it\/ediapi\/wp\/v2\/categories?post=96745"},{"taxonomy":"post_tag","embeddable":true,"href":"https:\/\/staging.ivg.it\/ediapi\/wp\/v2\/tags?post=96745"}],"curies":[{"name":"wp","href":"https:\/\/api.w.org\/{rel}","templated":true}]}}