{"id":96454,"date":"2010-08-01T14:33:09","date_gmt":"2010-08-01T12:33:09","guid":{"rendered":"http:\/\/www.ivg.it\/?p=96454"},"modified":"2010-08-01T14:34:18","modified_gmt":"2010-08-01T12:34:18","slug":"podismo-tutti-a-pe-a-san-donou-vincono-alessio-de-martino-e-susanna-scaramucci","status":"publish","type":"post","link":"https:\/\/staging.ivg.it\/2010\/08\/podismo-tutti-a-pe-a-san-donou-vincono-alessio-de-martino-e-susanna-scaramucci\/","title":{"rendered":"Podismo, &#8220;Tutti a Pe a San Don\u00f4u&#8221;: vincono Alessio De Martino e Susanna Scaramucci"},"content":{"rendered":"<p><strong>Varazze<\/strong>. In occasione della Festa dell&#8217;Avis, l&#8217;Avis comunale di Varazze, in collaborazione con l&#8217;Atletica Varazze, il Comune di Varazze e l&#8217;Associazione Culturale San Donato, ha organizzato la &#8220;Tutti a Pe a San Don\u00f4u&#8221;.<\/p>\n<p>La manifestazione podistica, giunta alla sua 17\u00b0 edizione, si \u00e8 svolta su un percorso di circa 7 km con partenza ed arrivo presso il campo di atletica in localit\u00e0 Parasio. Alle 19 di venerd\u00ec sono partiti in 53, dei quali 44 maschi e 9 femmine.<\/p>\n<p>Primo sul traguardo \u00e8 giunto Alessio De Martino, classe 1989, tesserato per il Citt\u00e0 di Genova. Ha coperto il tragitto in 22&#8217;31&#8221;, precedendo di oltre un minuto il cairese Mauro Giusto. Prima tra le donne la varazzina Susanna Scaramucci in 26&#8217;47&#8221;.<\/p>\n<p>I primi 30 classificati:<br \/>\n1\u00b0 Alessio De Martino (Citt\u00e0 di Genova) 22&#8217;31&#8221;<br \/>\n2\u00b0 Mario Giusto (Atletica Cairo) 23&#8217;49&#8221;<br \/>\n3\u00b0 Stefano Frino (Atletica Varazze) 23&#8217;59&#8221;<br \/>\n4\u00b0 Bruno Aureli (Atletica Varazze) 24&#8217;36&#8221;<br \/>\n5\u00b0 Ivano Romano (Atletica Cairo) 25&#8217;12&#8221;<br \/>\n6\u00b0 Michele Mazzoni (Podistica Savonese) 25&#8217;15&#8221;<br \/>\n7\u00b0 Stefano Rosari (Maratoneti del Tigullio) 25&#8217;29&#8221;<br \/>\n8\u00b0 Marco Bonollo (Atletica Varazze) 25&#8217;34&#8221;<br \/>\n9\u00b0 Giovanni Marcafri (Atletica Varazze) 25&#8217;37&#8221;<br \/>\n10\u00b0 Fabio Renna (libero) 26&#8217;30&#8221;<br \/>\n11\u00b0 Susanna Scaramucci (Atletica Varazze) 26&#8217;47&#8221;<br \/>\n12\u00b0 Leopoldo Sartirana (Atletica Varazze) 26&#8217;49&#8221;<br \/>\n13\u00b0 Claudio Bertuzzo (Sant&#8217;Olcese) 26&#8217;52&#8221;<br \/>\n14\u00b0 Christian Cirillo (libero) 26&#8217;56&#8221;<br \/>\n15\u00b0 Claudio Zanoni (Maratoneti Genovesi) 27&#8217;06&#8221;<br \/>\n16\u00b0 Marco Gualdi (Podistica Valpolcevera) 28&#8217;57&#8221;<br \/>\n17\u00b0 Isabella Della Rosa (Podistica Savonese) 28&#8217;01&#8221;<br \/>\n18\u00b0 Monica Bianco (Runners Loano) 28&#8217;11&#8221;<br \/>\n19\u00b0 Marco Centonza (Sant&#8217;Olcese) 28&#8217;30&#8221;<br \/>\n20\u00b0 Simone Gualdi (Podistica Valpolcevera) 28&#8217;57&#8221;<br \/>\n21\u00b0 Roberto Conte (Podistica Valpolcevera) 29&#8217;28&#8221;<br \/>\n22\u00b0 Francesco De Francesco (libero) 29&#8217;40&#8221;<br \/>\n23\u00b0 Matteo Ballacchino (Citt\u00e0 di Genova) 29&#8217;43&#8221;<br \/>\n24\u00b0 Filippo Allegri (Atletica Varazze) 29&#8217;54&#8221;<br \/>\n25\u00b0 Ferdinando Del Bello (Sant&#8217;Olcese) 30&#8217;56&#8221;<br \/>\n26\u00b0 Gilberto Pesce (Cambiaso Risso) 31&#8217;09&#8221;<br \/>\n27\u00b0 Agostino Acciai (Citt\u00e0 di Genova) 31&#8217;12&#8221;<br \/>\n28\u00b0 Fabrizio Zavattaro (Banca d&#8217;Italia) 31&#8217;35&#8221;<br \/>\n29\u00b0 Gianluigi Gemma (Sant&#8217;Olcese) 31&#8217;39&#8221;<br \/>\n30\u00b0 Angelo Barbieri (Atletica Varazze) 31&#8217;43&#8221;<\/p>\n<p>Nelle varie categorie anagrafiche, successi di Elizabeth Stantero (femmine 21 &#8211; 35 anni), Isabella Della Rosa (femmine 36 &#8211; 45 anni), Lina Cenci (femmine 46 anni e oltre), Simone Gualdi (maschi meno di 21 anni), Christian Cirillo (maschi 22 &#8211; 30 anni), Stefano Frino (maschi 31 &#8211; 40 anni), Mario Giusto (maschi 41 &#8211; 50 anni), Giovanni Marcafri (maschi 51 &#8211; 60 anni), Leopoldo Sartirana (maschi 61 anni e oltre).<\/p>\n","protected":false},"excerpt":{"rendered":"<p>Varazze. In occasione della Festa dell&#8217;Avis, l&#8217;Avis comunale di Varazze, in collaborazione con l&#8217;Atletica Varazze, il Comune di Varazze e l&#8217;Associazione Culturale San Donato, ha organizzato la &#8220;Tutti a Pe a San Don\u00f4u&#8221;. La manifestazione podistica, giunta alla sua 17\u00b0 edizione, si \u00e8 svolta su un percorso di circa 7 km con partenza ed arrivo [&hellip;]<\/p>\n","protected":false},"author":18,"featured_media":0,"comment_status":"open","ping_status":"closed","sticky":false,"template":"","format":"standard","meta":{"footnotes":""},"categories":[32],"tags":[23539,4104,345,178,85868],"class_list":["post-96454","post","type-post","status-publish","format-standard","hentry","category-sport","tag-alessio-de-martino","tag-classifica","tag-corsa","tag-susanna-scaramucci","tag-varazze","post_cat_citta-cairo-montenotte","post_cat_citta-loano","post_cat_citta-vado-ligure","post_cat_citta-varazze"],"amp_validity":null,"amp_enabled":true,"_links":{"self":[{"href":"https:\/\/staging.ivg.it\/ediapi\/wp\/v2\/posts\/96454","targetHints":{"allow":["GET"]}}],"collection":[{"href":"https:\/\/staging.ivg.it\/ediapi\/wp\/v2\/posts"}],"about":[{"href":"https:\/\/staging.ivg.it\/ediapi\/wp\/v2\/types\/post"}],"author":[{"embeddable":true,"href":"https:\/\/staging.ivg.it\/ediapi\/wp\/v2\/users\/18"}],"replies":[{"embeddable":true,"href":"https:\/\/staging.ivg.it\/ediapi\/wp\/v2\/comments?post=96454"}],"version-history":[{"count":0,"href":"https:\/\/staging.ivg.it\/ediapi\/wp\/v2\/posts\/96454\/revisions"}],"wp:attachment":[{"href":"https:\/\/staging.ivg.it\/ediapi\/wp\/v2\/media?parent=96454"}],"wp:term":[{"taxonomy":"category","embeddable":true,"href":"https:\/\/staging.ivg.it\/ediapi\/wp\/v2\/categories?post=96454"},{"taxonomy":"post_tag","embeddable":true,"href":"https:\/\/staging.ivg.it\/ediapi\/wp\/v2\/tags?post=96454"}],"curies":[{"name":"wp","href":"https:\/\/api.w.org\/{rel}","templated":true}]}}