{"id":96272,"date":"2010-07-29T18:07:53","date_gmt":"2010-07-29T16:07:53","guid":{"rendered":"http:\/\/www.ivg.it\/?p=96272"},"modified":"2010-07-29T19:22:12","modified_gmt":"2010-07-29T17:22:12","slug":"piano-sanitario-la-fp-cgil-si-a-condizione-che-lasl-2-rispetti-i-patti","status":"publish","type":"post","link":"https:\/\/staging.ivg.it\/2010\/07\/piano-sanitario-la-fp-cgil-si-a-condizione-che-lasl-2-rispetti-i-patti\/","title":{"rendered":"Piano sanitario, la Fp-Cgil: &#8220;S\u00ec a condizione che l&#8217;Asl 2 rispetti i patti&#8221;"},"content":{"rendered":"<p><strong>Savona.<\/strong> &#8220;Il progetto strategico di riorganizzazione della sanit\u00e0 provinciale presentato dall\u2019Asl 2 \u00e8 condivisibile nello spirito&#8221; dice Fulvia Veirana della Fp-Cgil, &#8220;soprattutto alla luce dei tagli inferti dal Governo alla nostra Regione. Abbiamo posto, per\u00f2, alcune condizioni che il direttore Neirotti si \u00e8 impegnato a rispettare&#8221;.<\/p>\n<p>La Fp-Cgil savonese interviene cos\u00ec sull&#8217;incontro\u00a0tra i sindacati ed\u00a0i vertici della Asl 2 Savonese con al centro il piano di riorganizzazione sanitaria e ospedaliera per la provincia di Savona. Il sindacato ha ribadito la necessit\u00e0 di collaborazione tra i quattro ospedali del territorio, con il mantenimento della chirurgia a Cairo e l\u2019aumento degli interventi in day surgery per abbattere le liste d&#8217;attesa provinciali.<\/p>\n<p>Valutazioni positive per il nuovo\u00a0progetto previsto per l&#8217;ospedale Santa Corona di Pietra Ligure, per il quale bisogner\u00e0 iniziare a lavorare fin da subito con il Comune di Pietra Ligure\u00a0sul fronte dell&#8217;operazione urbanistica, ovviamente con la tutela ed il rafforzamento di tutte le specialit\u00e0 presenti nel nosocomio pietrese.<\/p>\n<p>Importante, secondo la Fp-Cgil, la programmazione del nuovo ospedale San Paolo di Savona. Su Albenga &#8220;dovranno arrivare solo gli interventi che i professionisti liguri oggi effettuano fuori dalla nostra Regione, recuperando denari preziosi, in aggiunta agli interventi che le equipe di Pietra Ligure gi\u00e0 eseguono egregiamente &#8211; spiega la Fp.Cgil -. Non accetteremo che vengano spinti verso il sistema privato pazienti che oggi si rivolgono al pubblico: questo aggraverebbe ulteriormente i conti dell\u2019Asl senza benefici per la popolazione&#8221;.<\/p>\n<p>Altro punto toccato dalla Fp-Cgil l\u2019aumento degli attuali posti letto di riabilitazione intensiva ed il rafforzamento della rete di collegamento fra gli ospedali e l\u2019assistenza sul territorio. La discussione sui servizi extra ospedalieri continuer\u00e0 a settembre.<\/p>\n<p>&#8220;Da approfondire la conversione dei day-hospital in day-service che non vorremmo complicasse solo la vita ai cittadini: importante stabilire regole certe sulle esenzioni e sui ticket&#8221; prosegue ancora la Fp-Cgil, che manda un chiaro messaggio all\u2019Asl 2: &#8220;Siccome la riorganizzazione rappresenta per tutti un sacrificio che si fa per mantenere in salute il sistema pubblico e non avere ulteriori tasse, non accetteremo sbandamenti da parte dell\u2019azienda e chiediamo anche agli enti locali di vigilare sull\u2019attuazione dei progetti sanitari san&#8221; conclude la nota.<\/p>\n","protected":false},"excerpt":{"rendered":"<p>Savona. &#8220;Il progetto strategico di riorganizzazione della sanit\u00e0 provinciale presentato dall\u2019Asl 2 \u00e8 condivisibile nello spirito&#8221; dice Fulvia Veirana della Fp-Cgil, &#8220;soprattutto alla luce dei tagli inferti dal Governo alla nostra Regione. Abbiamo posto, per\u00f2, alcune condizioni che il direttore Neirotti si \u00e8 impegnato a rispettare&#8221;. La Fp-Cgil savonese interviene cos\u00ec sull&#8217;incontro\u00a0tra i sindacati ed\u00a0i [&hellip;]<\/p>\n","protected":false},"author":4,"featured_media":0,"comment_status":"open","ping_status":"closed","sticky":false,"template":"","format":"standard","meta":{"footnotes":""},"categories":[],"tags":[292,4161,5314,85830,311,302,85850],"class_list":["post-96272","post","type-post","status-publish","format-standard","hentry","tag-asl-2","tag-fp-cgil","tag-fulvia-veirana","tag-pietra-ligure","tag-san-paolo","tag-santa-corona","tag-savona","post_cat_citta-andora","post_cat_citta-savona"],"amp_validity":null,"amp_enabled":true,"_links":{"self":[{"href":"https:\/\/staging.ivg.it\/ediapi\/wp\/v2\/posts\/96272","targetHints":{"allow":["GET"]}}],"collection":[{"href":"https:\/\/staging.ivg.it\/ediapi\/wp\/v2\/posts"}],"about":[{"href":"https:\/\/staging.ivg.it\/ediapi\/wp\/v2\/types\/post"}],"author":[{"embeddable":true,"href":"https:\/\/staging.ivg.it\/ediapi\/wp\/v2\/users\/4"}],"replies":[{"embeddable":true,"href":"https:\/\/staging.ivg.it\/ediapi\/wp\/v2\/comments?post=96272"}],"version-history":[{"count":0,"href":"https:\/\/staging.ivg.it\/ediapi\/wp\/v2\/posts\/96272\/revisions"}],"wp:attachment":[{"href":"https:\/\/staging.ivg.it\/ediapi\/wp\/v2\/media?parent=96272"}],"wp:term":[{"taxonomy":"category","embeddable":true,"href":"https:\/\/staging.ivg.it\/ediapi\/wp\/v2\/categories?post=96272"},{"taxonomy":"post_tag","embeddable":true,"href":"https:\/\/staging.ivg.it\/ediapi\/wp\/v2\/tags?post=96272"}],"curies":[{"name":"wp","href":"https:\/\/api.w.org\/{rel}","templated":true}]}}