{"id":96155,"date":"2010-07-28T18:58:22","date_gmt":"2010-07-28T16:58:22","guid":{"rendered":"http:\/\/www.ivg.it\/?p=96155"},"modified":"2010-07-29T11:19:37","modified_gmt":"2010-07-29T09:19:37","slug":"nuovo-ufficio-iat-a-ceriale","status":"publish","type":"post","link":"https:\/\/staging.ivg.it\/2010\/07\/nuovo-ufficio-iat-a-ceriale\/","title":{"rendered":"Nuovo Ufficio IAT a Ceriale"},"content":{"rendered":"<p><strong>Ceriale.<\/strong> Taglio del nastro sabato 31 luglio, alle ore 18, per il nuovo Ufficio IAT &#8211; Informazione e Accoglienza Turistica &#8211; di Ceriale. Dopo un lungo e sofferto iter finalmente la sede di Piazza Eroi della Resistenza potr\u00e0 aprire al pubblico e svolgere i propri servizi per migliorare l&#8217;assistenza offerta ai turisti cerialesi.<\/p>\n<p>All&#8217;inaugurazione saranno presenti gli esponenti dell&#8217;amministrazione comunale di Ceriale, con in testa il sindaco Ennio Fazio e l&#8217;assessore al turismo Marinella Fasano, oltre al presidente e assessore provinciale al turismo della Provincia di Savona Angelo Vaccarezza. La struttura verr\u00e0 gestita dalla locale Pro Loco con il coordinamento dell&#8217;ente provinciale.<\/p>\n<p>Soddisfatta della nuova struttura di accoglienza turistica l&#8217;assessore del Comune di Ceriale Marinella Fasano: &#8220;Credo che il nuovo IAT ha una posizione migliore e pi\u00f9 strategica rispetto a prima, con la possibilit\u00e0 di essere davvero vicina anche da un punto di vista logistico ai bisogni dei nostri turisti. Inoltre sar\u00e0 presente un servizio nursery per le mamme e le famiglie che ne facessero richiesta. Come amministrazione continueremo a lavorare per implementare l\u2019ottima collaborazione avviata con la Pro Loco, davvero insostituibile, con l&#8217;obiettivo di far funzionare al meglio la nuova sede&#8221;.<\/p>\n<p>L&#8217;ufficio IAT sar\u00e0 aperto al pubblico tutti i giorni d\u2019estate fino al 15 settembre con il seguente orario: dal luned\u00ec al sabato dalle 9:00 alle 12 e 30 e dalle 16:00 alle 19 e 30, la domenica dalle 9:00 alle 12 e 30. Nei mesi invernali l\u2019orario sar\u00e0 dalle 9:00 alle 12 e 30 al mattino e dalle 16:00 alle 19:00 nel pomeriggio, con la chiusura degli uffici nella giornata di luned\u00ec.<\/p>\n","protected":false},"excerpt":{"rendered":"<p>Ceriale. Taglio del nastro sabato 31 luglio, alle ore 18, per il nuovo Ufficio IAT &#8211; Informazione e Accoglienza Turistica &#8211; di Ceriale. Dopo un lungo e sofferto iter finalmente la sede di Piazza Eroi della Resistenza potr\u00e0 aprire al pubblico e svolgere i propri servizi per migliorare l&#8217;assistenza offerta ai turisti cerialesi. All&#8217;inaugurazione saranno [&hellip;]<\/p>\n","protected":false},"author":13744,"featured_media":0,"comment_status":"open","ping_status":"closed","sticky":false,"template":"","format":"standard","meta":{"footnotes":""},"categories":[],"tags":[85855,8798,24462],"class_list":["post-96155","post","type-post","status-publish","format-standard","hentry","tag-ceriale","tag-iat","tag-marinella-fasano","post_cat_citta-andora","post_cat_citta-ceriale"],"amp_validity":null,"amp_enabled":true,"_links":{"self":[{"href":"https:\/\/staging.ivg.it\/ediapi\/wp\/v2\/posts\/96155","targetHints":{"allow":["GET"]}}],"collection":[{"href":"https:\/\/staging.ivg.it\/ediapi\/wp\/v2\/posts"}],"about":[{"href":"https:\/\/staging.ivg.it\/ediapi\/wp\/v2\/types\/post"}],"author":[{"embeddable":true,"href":"https:\/\/staging.ivg.it\/ediapi\/wp\/v2\/users\/13744"}],"replies":[{"embeddable":true,"href":"https:\/\/staging.ivg.it\/ediapi\/wp\/v2\/comments?post=96155"}],"version-history":[{"count":0,"href":"https:\/\/staging.ivg.it\/ediapi\/wp\/v2\/posts\/96155\/revisions"}],"wp:attachment":[{"href":"https:\/\/staging.ivg.it\/ediapi\/wp\/v2\/media?parent=96155"}],"wp:term":[{"taxonomy":"category","embeddable":true,"href":"https:\/\/staging.ivg.it\/ediapi\/wp\/v2\/categories?post=96155"},{"taxonomy":"post_tag","embeddable":true,"href":"https:\/\/staging.ivg.it\/ediapi\/wp\/v2\/tags?post=96155"}],"curies":[{"name":"wp","href":"https:\/\/api.w.org\/{rel}","templated":true}]}}