{"id":96100,"date":"2010-07-28T14:24:25","date_gmt":"2010-07-28T12:24:25","guid":{"rendered":"http:\/\/www.ivg.it\/?p=96100"},"modified":"2010-07-28T17:54:25","modified_gmt":"2010-07-28T15:54:25","slug":"cairo-briano-lo-sportello-impresa-aiutera-le-pmi-della-valbormida","status":"publish","type":"post","link":"https:\/\/staging.ivg.it\/2010\/07\/cairo-briano-lo-sportello-impresa-aiutera-le-pmi-della-valbormida\/","title":{"rendered":"Cairo, Briano: &#8220;Lo sportello impresa aiuter\u00e0 le Pmi della Valbormida&#8221;"},"content":{"rendered":"<p><strong>Cairo Montenotte<\/strong>.\u00a0 Favorire la circolazione di informazioni e di conoscenza nel mondo dell&#8217;impresa e per sostenere gli imprenditori nella loro attivit\u00e0. Sono questi gli obiettivi dello\u00a0\u00a0&#8220;Sportello d&#8217;Impresa&#8221;, inaugurato oggi a Cairo Montenotte.<\/p>\n<p>&#8220;Durante i tavoli di lavoro organizzati nell&#8217;ambito del progetto &#8220;Cairo Sar\u00e0&#8221; &#8211; ha sottolineato il sindaco di Cairo Fulvio Briano &#8211; \u00e8 emersa da parte del mondo dell&#8217;imprenditoria locale, la necessit\u00e0 di un&#8217;operazione congiunta tra i diversi operatori presenti sul territorio. Lo sportello aiuter\u00e0 molto le imprese cairesi e Cairo diventer\u00e0 il nuovo punto di riferimento per la piccola e media impresa di tutta la Val Bormida&#8221;.<\/p>\n<p>Lo sportello sar\u00e0 attivo a partire dalla met\u00e0 di settembre e inizier\u00e0 con un orario preliminare di un giorno la settimana. Per consentire lo svolgersi dei lavori, il Comune ha gi\u00e0 messo a disposizione una stanza del &#8216;Palazzo di Citta&#8221;. Lo Sportello vede come parte attiva l&#8217;amministrazione comunale e le Associazioni di Categoria. Hanno siglato il protocollo d&#8217;intesa il Comune di Cairo Montenotte, Confartiagianato, Confcommercio, Confesercenti e Unione Industriali.<\/p>\n<p>In questo percorso di sostegno all&#8217;imprenditoria verr\u00e0 ad aggiungersi ad ottobre il corso di formazione avanzata \u201cCompetenze per lo sviluppo dell&#8217;impresa\u201d, rivolto ad imprenditori, dipendenti, professionisti e potenziali nuovi imprenditori. Si tratta di un innovativo percorso formativo di alto livello organizzato da Saint Gobain Vetri-Verallia , in collaborazione con il Comune di Cairo e l&#8217;Unione Industriali, per la piccola media impresa valbormidese.<\/p>\n","protected":false},"excerpt":{"rendered":"<p>Cairo Montenotte.\u00a0 Favorire la circolazione di informazioni e di conoscenza nel mondo dell&#8217;impresa e per sostenere gli imprenditori nella loro attivit\u00e0. Sono questi gli obiettivi dello\u00a0\u00a0&#8220;Sportello d&#8217;Impresa&#8221;, inaugurato oggi a Cairo Montenotte. &#8220;Durante i tavoli di lavoro organizzati nell&#8217;ambito del progetto &#8220;Cairo Sar\u00e0&#8221; &#8211; ha sottolineato il sindaco di Cairo Fulvio Briano &#8211; \u00e8 emersa [&hellip;]<\/p>\n","protected":false},"author":13744,"featured_media":0,"comment_status":"open","ping_status":"closed","sticky":false,"template":"","format":"standard","meta":{"footnotes":""},"categories":[35],"tags":[85987,1973,2527,85837,2771,565,86052,820],"class_list":["post-96100","post","type-post","status-publish","format-standard","hentry","category-economia","tag-cairo-montenotte","tag-confcommercio","tag-confesercenti","tag-economia","tag-fulvio-briano","tag-pmi","tag-unione-industriali","tag-valbormida","post_cat_citta-cairo-montenotte"],"amp_validity":null,"amp_enabled":true,"_links":{"self":[{"href":"https:\/\/staging.ivg.it\/ediapi\/wp\/v2\/posts\/96100","targetHints":{"allow":["GET"]}}],"collection":[{"href":"https:\/\/staging.ivg.it\/ediapi\/wp\/v2\/posts"}],"about":[{"href":"https:\/\/staging.ivg.it\/ediapi\/wp\/v2\/types\/post"}],"author":[{"embeddable":true,"href":"https:\/\/staging.ivg.it\/ediapi\/wp\/v2\/users\/13744"}],"replies":[{"embeddable":true,"href":"https:\/\/staging.ivg.it\/ediapi\/wp\/v2\/comments?post=96100"}],"version-history":[{"count":0,"href":"https:\/\/staging.ivg.it\/ediapi\/wp\/v2\/posts\/96100\/revisions"}],"wp:attachment":[{"href":"https:\/\/staging.ivg.it\/ediapi\/wp\/v2\/media?parent=96100"}],"wp:term":[{"taxonomy":"category","embeddable":true,"href":"https:\/\/staging.ivg.it\/ediapi\/wp\/v2\/categories?post=96100"},{"taxonomy":"post_tag","embeddable":true,"href":"https:\/\/staging.ivg.it\/ediapi\/wp\/v2\/tags?post=96100"}],"curies":[{"name":"wp","href":"https:\/\/api.w.org\/{rel}","templated":true}]}}