{"id":96075,"date":"2010-07-28T11:59:42","date_gmt":"2010-07-28T09:59:42","guid":{"rendered":"http:\/\/www.ivg.it\/?p=96075"},"modified":"2010-07-28T14:35:36","modified_gmt":"2010-07-28T12:35:36","slug":"filctem-flaei-e-uilcem-dicono-si-alla-riconversione-di-tirreno-power","status":"publish","type":"post","link":"https:\/\/staging.ivg.it\/2010\/07\/filctem-flaei-e-uilcem-dicono-si-alla-riconversione-di-tirreno-power\/","title":{"rendered":"Filctem, Flaei e Uilcem dicono s\u00ec alla riconversione di Tirreno Power"},"content":{"rendered":"<p><strong>Roma<\/strong>. Ieri, nell&#8217;incontro romano fra l&#8217;Amministratore Delegato di Tirreno Power e le Segreterie Nazionali di Filctem, Flaei e Uilcem, sull&#8217;aggiornamento del piano industriale \u00e8 emersa la necessit\u00e0, da tutti condivisa, di una rapida e positiva conclusione dell&#8217;iter autorizzativo per il completamento della riconversione della centrale di Vado Ligure ed il conseguente avvio dei lavori.<\/p>\n<p>&#8220;Un investimento importante &#8211; si legge in un comunicato congiunto dei sindacati &#8211;\u00a0 sia per gli aspetti ambientali del progetto che per la mole di investimenti previsti (800 milioni di euro di cui 200 per lo sviluppo in Liguria delle Fonti rinnovabili), che darebbero un importante sostegno all&#8217;industria manifatturiera italiana, a partire da Ansaldo Energia, una realt\u00e0 importante del tessuto produttivo nazionale e genovese&#8221;.<\/p>\n<p>&#8220;Il progetto prevede la costruzione di una nuova unit\u00e0 a carbone da 460 MW in luogo del vecchio impianto ad olio combustibile, nonch\u00e9 il rifacimento delle due unit\u00e0 gi\u00e0 funzionanti, una riduzione significativa delle emissioni complessive. A ci\u00f2 si aggiungerebbero 180 MW di produzione da fonti rinnovabili: biomasse, eolico, fotovoltaico e rinnovamento dell&#8217;idroelettrico. Si tratta quindi di un progetto condivisibile, che Filcem, Flaei e Uilcem sosterranno in tutte le sedi, perch\u00e9 risponde alle esigenze del Paese prima ancora che del settore: riduce le emissioni, implementa il mix di combustibili per non rimanere &#8216;impiccati alla canna del gas&#8217;, potenzia significativamente le fonti rinnovabili, prevedendo di investire sul territorio ligure 800 milioni di Euro, senza contare le ricadute occupazionali sia nella fase di cantierizazzione che successivamente&#8221;.<\/p>\n<p>&#8220;Fatti di non poco conto &#8211; si legge anocra nel comunicato &#8211; se si pensa alla crisi che stiamo attraversando ed al volano economico che questo investimento, potrebbe innescare nell\u2019indotto (120 ML di Euro annui).\u00a0 Pertanto, le Segreteria nazionali di Filctem, Flaei e Uilcem chiedono al Governo, alla Regione Liguria, ai Comuni interessati di approvare il progetto e di convocare la conferenza dei servizi che, dopo l&#8217;autorizzazione concessa dal Ministero dell&#8217;Ambiente, concluda positivamente l&#8217;iter autorizzativo e avvii i lavori. Diversamente si rischia la chiusura di un sito produttivo con gravi conseguenze per gli investimenti e l\u2019occupazione&#8221;.<\/p>\n","protected":false},"excerpt":{"rendered":"<p>Roma. Ieri, nell&#8217;incontro romano fra l&#8217;Amministratore Delegato di Tirreno Power e le Segreterie Nazionali di Filctem, Flaei e Uilcem, sull&#8217;aggiornamento del piano industriale \u00e8 emersa la necessit\u00e0, da tutti condivisa, di una rapida e positiva conclusione dell&#8217;iter autorizzativo per il completamento della riconversione della centrale di Vado Ligure ed il conseguente avvio dei lavori. &#8220;Un [&hellip;]<\/p>\n","protected":false},"author":13744,"featured_media":0,"comment_status":"open","ping_status":"closed","sticky":false,"template":"","format":"standard","meta":{"footnotes":""},"categories":[35],"tags":[3694,410,3931,7316],"class_list":["post-96075","post","type-post","status-publish","format-standard","hentry","category-economia","tag-piano-industriale","tag-sindacati","tag-tirreno-power","tag-uilcem"],"amp_validity":null,"amp_enabled":true,"_links":{"self":[{"href":"https:\/\/staging.ivg.it\/ediapi\/wp\/v2\/posts\/96075","targetHints":{"allow":["GET"]}}],"collection":[{"href":"https:\/\/staging.ivg.it\/ediapi\/wp\/v2\/posts"}],"about":[{"href":"https:\/\/staging.ivg.it\/ediapi\/wp\/v2\/types\/post"}],"author":[{"embeddable":true,"href":"https:\/\/staging.ivg.it\/ediapi\/wp\/v2\/users\/13744"}],"replies":[{"embeddable":true,"href":"https:\/\/staging.ivg.it\/ediapi\/wp\/v2\/comments?post=96075"}],"version-history":[{"count":0,"href":"https:\/\/staging.ivg.it\/ediapi\/wp\/v2\/posts\/96075\/revisions"}],"wp:attachment":[{"href":"https:\/\/staging.ivg.it\/ediapi\/wp\/v2\/media?parent=96075"}],"wp:term":[{"taxonomy":"category","embeddable":true,"href":"https:\/\/staging.ivg.it\/ediapi\/wp\/v2\/categories?post=96075"},{"taxonomy":"post_tag","embeddable":true,"href":"https:\/\/staging.ivg.it\/ediapi\/wp\/v2\/tags?post=96075"}],"curies":[{"name":"wp","href":"https:\/\/api.w.org\/{rel}","templated":true}]}}