{"id":95580,"date":"2010-07-22T16:24:03","date_gmt":"2010-07-22T14:24:03","guid":{"rendered":"http:\/\/www.ivg.it\/?p=95580"},"modified":"2010-07-22T17:50:49","modified_gmt":"2010-07-22T15:50:49","slug":"savona-a-villa-cambiaso-incontro-sulla-mobilita-a-villapiana","status":"publish","type":"post","link":"https:\/\/staging.ivg.it\/2010\/07\/savona-a-villa-cambiaso-incontro-sulla-mobilita-a-villapiana\/","title":{"rendered":"Savona, a Villa Cambiaso incontro sulla mobilit\u00e0 di Villapiana"},"content":{"rendered":"<p><strong>Savona.<\/strong> Si terr\u00e0 venerd\u00ec 30 luglio, con inizio alle ore 21 presso Villa Cambiaso a Savona, l&#8217;incontro promosso dal Comitato Casello Albamare con al centro il traffico nel quartiere savonese di Villapiana. Si parler\u00e0 di nuove possibili soluzioni per l&#8217;assetto della viabilit\u00e0 nel quartiere savonese, oltre che della necessit\u00e0 di nuovi parcheggi e del complessivo Piano della Mobilit\u00e0. Sar\u00e0 presente il presidente del Comitato Paolo Forzano.<\/p>\n<p>Tra i temi che verranno affrontati anche il progetto dell&#8217;Aurelia Bis tra Savona e Albissola, con la costituzione del nuovo casello autostradale ad Albamare.<\/p>\n","protected":false},"excerpt":{"rendered":"<p>Savona. Si terr\u00e0 venerd\u00ec 30 luglio, con inizio alle ore 21 presso Villa Cambiaso a Savona, l&#8217;incontro promosso dal Comitato Casello Albamare con al centro il traffico nel quartiere savonese di Villapiana. Si parler\u00e0 di nuove possibili soluzioni per l&#8217;assetto della viabilit\u00e0 nel quartiere savonese, oltre che della necessit\u00e0 di nuovi parcheggi e del complessivo [&hellip;]<\/p>\n","protected":false},"author":13744,"featured_media":0,"comment_status":"open","ping_status":"closed","sticky":false,"template":"","format":"standard","meta":{"footnotes":""},"categories":[],"tags":[482,898,85850,194],"class_list":["post-95580","post","type-post","status-publish","format-standard","hentry","tag-mobilita","tag-paolo-forzano","tag-savona","tag-villapiana","post_cat_citta-albisola-superiore","post_cat_citta-albissola-marina","post_cat_citta-andora","post_cat_citta-savona"],"amp_validity":null,"amp_enabled":true,"_links":{"self":[{"href":"https:\/\/staging.ivg.it\/ediapi\/wp\/v2\/posts\/95580","targetHints":{"allow":["GET"]}}],"collection":[{"href":"https:\/\/staging.ivg.it\/ediapi\/wp\/v2\/posts"}],"about":[{"href":"https:\/\/staging.ivg.it\/ediapi\/wp\/v2\/types\/post"}],"author":[{"embeddable":true,"href":"https:\/\/staging.ivg.it\/ediapi\/wp\/v2\/users\/13744"}],"replies":[{"embeddable":true,"href":"https:\/\/staging.ivg.it\/ediapi\/wp\/v2\/comments?post=95580"}],"version-history":[{"count":0,"href":"https:\/\/staging.ivg.it\/ediapi\/wp\/v2\/posts\/95580\/revisions"}],"wp:attachment":[{"href":"https:\/\/staging.ivg.it\/ediapi\/wp\/v2\/media?parent=95580"}],"wp:term":[{"taxonomy":"category","embeddable":true,"href":"https:\/\/staging.ivg.it\/ediapi\/wp\/v2\/categories?post=95580"},{"taxonomy":"post_tag","embeddable":true,"href":"https:\/\/staging.ivg.it\/ediapi\/wp\/v2\/tags?post=95580"}],"curies":[{"name":"wp","href":"https:\/\/api.w.org\/{rel}","templated":true}]}}