{"id":95403,"date":"2010-07-21T11:20:05","date_gmt":"2010-07-21T09:20:05","guid":{"rendered":"http:\/\/www.ivg.it\/?p=95403"},"modified":"2010-07-21T13:32:19","modified_gmt":"2010-07-21T11:32:19","slug":"ultimo-appuntamento-con-metti-una-sera-a-savona-nel-centro-storico","status":"publish","type":"post","link":"https:\/\/staging.ivg.it\/2010\/07\/ultimo-appuntamento-con-metti-una-sera-a-savona-nel-centro-storico\/","title":{"rendered":"Ultimo appuntamento con &#8220;Metti una sera a Savona nel Centro Storico..&#8221;"},"content":{"rendered":"<p><strong>Savona<\/strong>. Si chiude domani la manifestazione &#8220;Metti una sera a Savona nel Centro Storico..&#8221; che per 4 serate ha animato i gioved\u00ec di luglio con concerti gratuiti e negozi aperti nel centro storico savonese e nelle vie cittadine, dando l&#8217;opportunit\u00e0 di fare shopping e di poter assistere, gratuitamente, a concerti di qualit\u00e0 nelle location storiche del centro citt\u00e0.<\/p>\n<p>L&#8217;evento \u00e8 realizzato dal Comune di Savona in sinergia con Ascom e Confcommercio Savona, con l&#8217;organizzazione di Energie Multimediali, l&#8217;Associazione culturale Corelli e l&#8217;Ass.culturale Raindogs. La serata di domani \u00e8 organizzata dall&#8217;Associazione Culturale Raindogs, con un programma ricco di proposte musicali, tra cui si segnala l&#8217;esibizione di Ray Gelato.<\/p>\n<p>Questo il programma: Piazza del Brandale ore 20,45: Big Borgo Band. La band \u00e8 una formazione da concerto, composta da 25 elementi, specializzata nell&#8217;esecuzione di jazz &#8220;classico&#8221; sia in arrangiamenti d&#8217;epoca (Count Basie, Duke Ellington e Stan Kenton) che in arrangiamenti originali creati su misura dal direttore, il sassofonista Claudio Capurro. Difficile non credere alla vitalit\u00e0 del jazz quando si assiste all&#8217;entusiasmo con cui i musicisti giovani e meno giovani che appartengono a questo ensemble profondono durante un concerto (http:\/\/bigborgoband.com\/).<\/p>\n<p>In piazza della Maddalena ore 21,30: The Fishbones. Il gruppo ricrea i grandi anni &#8217;50 attraverso la musica che li ha contraddistinti il Rock \u2018n Roll, e lo stile ad esso strettamente collegato\u2026il Rockabilly. Lo stile musicale della band varia dal Teddy Boy, al Rockabilly classico e il Neo-rockabilly. Attualmente la band ha intrapreso un\u2019intensa attivit\u00e0 live, e pu\u00f2 vantare l\u2019onore di aver esordito sulle scene dividendo il palco con i Firebirds, band Rockabilly di Bristol, riconosciuta a livello internazionale (http:\/\/www.myspace.com\/fishbonesband).<\/p>\n<p>In piazza Sisto IV ore 22,15: Ray Gelato &amp; The Giants. Entertainer di fama internazionale, formatosi musicalmente sulle orme dei grandi del rock\u2019n\u2019roll e dello swing, arriva attraverso diverse formazioni a quella attuale, sempre mantenendo vivo lo spirito creato dai grandi crooners italo americani. \u00c8 infatti in Louis Prima, Frank Sinatra e Dean Martin che Ray attinge a piene mani per rallegrare il pubblico con uno spettacolo da ascoltare e da vedere. Star delle ultime edizioni di Umbria Jazz, ha partecipato, tra l&#8217;altro, al &#8220;Maurizio Costanzo Show&#8221; e a &#8220;Buona Domenica&#8221; (http:\/\/www.raygelato.com\/). In occasione dell&#8217;iniziativa, domani, la Pinacoteca Civica avr\u00e0 apertura serale dalle ore 20,30 alle 23,30 ad ingresso gratuito.<\/p>\n","protected":false},"excerpt":{"rendered":"<p>Savona. Si chiude domani la manifestazione &#8220;Metti una sera a Savona nel Centro Storico..&#8221; che per 4 serate ha animato i gioved\u00ec di luglio con concerti gratuiti e negozi aperti nel centro storico savonese e nelle vie cittadine, dando l&#8217;opportunit\u00e0 di fare shopping e di poter assistere, gratuitamente, a concerti di qualit\u00e0 nelle location storiche [&hellip;]<\/p>\n","protected":false},"author":13744,"featured_media":0,"comment_status":"open","ping_status":"closed","sticky":false,"template":"","format":"standard","meta":{"footnotes":""},"categories":[56],"tags":[3916,9893,11309,620,669,826,85850,5309],"class_list":["post-95403","post","type-post","status-publish","format-standard","hentry","category-altre","tag-ascom","tag-centro-storico","tag-comune-di-savona","tag-concerti","tag-manifestazione","tag-musica","tag-savona","tag-shopping","post_cat_citta-savona"],"amp_validity":null,"amp_enabled":true,"_links":{"self":[{"href":"https:\/\/staging.ivg.it\/ediapi\/wp\/v2\/posts\/95403","targetHints":{"allow":["GET"]}}],"collection":[{"href":"https:\/\/staging.ivg.it\/ediapi\/wp\/v2\/posts"}],"about":[{"href":"https:\/\/staging.ivg.it\/ediapi\/wp\/v2\/types\/post"}],"author":[{"embeddable":true,"href":"https:\/\/staging.ivg.it\/ediapi\/wp\/v2\/users\/13744"}],"replies":[{"embeddable":true,"href":"https:\/\/staging.ivg.it\/ediapi\/wp\/v2\/comments?post=95403"}],"version-history":[{"count":0,"href":"https:\/\/staging.ivg.it\/ediapi\/wp\/v2\/posts\/95403\/revisions"}],"wp:attachment":[{"href":"https:\/\/staging.ivg.it\/ediapi\/wp\/v2\/media?parent=95403"}],"wp:term":[{"taxonomy":"category","embeddable":true,"href":"https:\/\/staging.ivg.it\/ediapi\/wp\/v2\/categories?post=95403"},{"taxonomy":"post_tag","embeddable":true,"href":"https:\/\/staging.ivg.it\/ediapi\/wp\/v2\/tags?post=95403"}],"curies":[{"name":"wp","href":"https:\/\/api.w.org\/{rel}","templated":true}]}}