{"id":95251,"date":"2010-07-19T17:46:48","date_gmt":"2010-07-19T15:46:48","guid":{"rendered":"http:\/\/www.ivg.it\/?p=95251"},"modified":"2010-07-19T17:59:29","modified_gmt":"2010-07-19T15:59:29","slug":"incendio-bus-in-a10-migliorano-le-condizioni-della-filippina-intossicata","status":"publish","type":"post","link":"https:\/\/staging.ivg.it\/2010\/07\/incendio-bus-in-a10-migliorano-le-condizioni-della-filippina-intossicata\/","title":{"rendered":"Incendio bus in A10: migliorano le condizioni della filippina intossicata"},"content":{"rendered":"<p><strong>Celle Ligure.<\/strong> Sono in miglioramento le condizioni della filippina di 23 anni rimasta gravemente intossicata nell&#8217;incendio scoppiato su un pullman turistico diretto ad Alassio. Billy Jane Sabio era tra le pazienti pi\u00f9 gravi a seguito dell&#8217;intossicazione da fumo nella quale sono rimaste coinvolte altre 17 persone.<\/p>\n<p>Dall&#8217;ospedale San Martino di Genova dove si trova ricoverata i medici fanno sapere che le condizioni della giovane sono migliorate, anche perch\u00e8 l&#8217;esposizione ai fumi dell&#8217;incendio non \u00e8 stata prolungata e questo ha evitato conseguenze pi\u00f9 gravi. La prognosi verr\u00e0 sciolta solo nei prossimi giorni.<\/p>\n","protected":false},"excerpt":{"rendered":"<p>Celle Ligure. Sono in miglioramento le condizioni della filippina di 23 anni rimasta gravemente intossicata nell&#8217;incendio scoppiato su un pullman turistico diretto ad Alassio. Billy Jane Sabio era tra le pazienti pi\u00f9 gravi a seguito dell&#8217;intossicazione da fumo nella quale sono rimaste coinvolte altre 17 persone. Dall&#8217;ospedale San Martino di Genova dove si trova ricoverata [&hellip;]<\/p>\n","protected":false},"author":13744,"featured_media":0,"comment_status":"open","ping_status":"closed","sticky":false,"template":"","format":"standard","meta":{"footnotes":""},"categories":[34],"tags":[789,593,86004,423],"class_list":["post-95251","post","type-post","status-publish","format-standard","hentry","category-cronaca","tag-a10","tag-bus","tag-celle-ligure","tag-incendio","post_cat_citta-andora","post_cat_citta-celle-ligure"],"amp_validity":null,"amp_enabled":true,"_links":{"self":[{"href":"https:\/\/staging.ivg.it\/ediapi\/wp\/v2\/posts\/95251","targetHints":{"allow":["GET"]}}],"collection":[{"href":"https:\/\/staging.ivg.it\/ediapi\/wp\/v2\/posts"}],"about":[{"href":"https:\/\/staging.ivg.it\/ediapi\/wp\/v2\/types\/post"}],"author":[{"embeddable":true,"href":"https:\/\/staging.ivg.it\/ediapi\/wp\/v2\/users\/13744"}],"replies":[{"embeddable":true,"href":"https:\/\/staging.ivg.it\/ediapi\/wp\/v2\/comments?post=95251"}],"version-history":[{"count":0,"href":"https:\/\/staging.ivg.it\/ediapi\/wp\/v2\/posts\/95251\/revisions"}],"wp:attachment":[{"href":"https:\/\/staging.ivg.it\/ediapi\/wp\/v2\/media?parent=95251"}],"wp:term":[{"taxonomy":"category","embeddable":true,"href":"https:\/\/staging.ivg.it\/ediapi\/wp\/v2\/categories?post=95251"},{"taxonomy":"post_tag","embeddable":true,"href":"https:\/\/staging.ivg.it\/ediapi\/wp\/v2\/tags?post=95251"}],"curies":[{"name":"wp","href":"https:\/\/api.w.org\/{rel}","templated":true}]}}