{"id":95092,"date":"2010-07-18T14:23:23","date_gmt":"2010-07-18T12:23:23","guid":{"rendered":"http:\/\/www.ivg.it\/?p=95092"},"modified":"2010-07-18T14:29:23","modified_gmt":"2010-07-18T12:29:23","slug":"calcio-a-7-stella-corona-al-via-due-tornei-giovanili","status":"publish","type":"post","link":"https:\/\/staging.ivg.it\/2010\/07\/calcio-a-7-stella-corona-al-via-due-tornei-giovanili\/","title":{"rendered":"Calcio a 7, Stella Corona: al via due tornei giovanili"},"content":{"rendered":"<p><strong>Stella<\/strong>. Scatter\u00e0 marted\u00ec 20 luglio a Stella Corona la decima edizione del locale torneo giovanile di calcio in notturna a 7 giocatori, organizzato dal circolo Anspi di San Bernardo in collaborazione con il Comune e il Centro provinciale Libertas.<\/p>\n<p>La rassegna sar\u00e0 suddivisa in due distinte manifestazioni: la prima riservata ai nati negli anni 1999-2000 e la seconda, che prender\u00e0 il via luned\u00ec 26 luglio, per i gioocatori nati negli anni 1997 e 1998. Alla kermesse partecipano sedici squadre, otto per ogni categoria.<\/p>\n<p>Ogni serata vedr\u00e0 la disputa di tre incontri, a partire dalle ore 20. Il giorno nel quale si concluderanno i gironi della prima fase le partite in programma saranno quattro.<\/p>\n<p>Nel frattempo, sempre a Stella Corona, \u00e8 terminata la terza edizione del torneo in notturna &#8220;Crunn-a de Nocce&#8221;. Il successo \u00e8 andato alla squadra dei Rossi che in finale ha superato i Neri per 4 &#8211; 3. Al terzo posto la squadra dei Blu. Assegnati diversi premi individuali: capocannoniere del torneo \u00e8 stato Giacomo Sofia; quale miglior portiere \u00e8 stato scelto Alberto Moraglio, eletto invece miglior giocatore Daniele Vallerga.<\/p>\n","protected":false},"excerpt":{"rendered":"<p>Stella. Scatter\u00e0 marted\u00ec 20 luglio a Stella Corona la decima edizione del locale torneo giovanile di calcio in notturna a 7 giocatori, organizzato dal circolo Anspi di San Bernardo in collaborazione con il Comune e il Centro provinciale Libertas. La rassegna sar\u00e0 suddivisa in due distinte manifestazioni: la prima riservata ai nati negli anni 1999-2000 [&hellip;]<\/p>\n","protected":false},"author":18,"featured_media":0,"comment_status":"open","ping_status":"closed","sticky":false,"template":"","format":"standard","meta":{"footnotes":""},"categories":[32],"tags":[7938,10724,5331],"class_list":["post-95092","post","type-post","status-publish","format-standard","hentry","category-sport","tag-calcio-a-7","tag-giovanili","tag-tornei","post_cat_citta-stella"],"amp_validity":null,"amp_enabled":true,"_links":{"self":[{"href":"https:\/\/staging.ivg.it\/ediapi\/wp\/v2\/posts\/95092","targetHints":{"allow":["GET"]}}],"collection":[{"href":"https:\/\/staging.ivg.it\/ediapi\/wp\/v2\/posts"}],"about":[{"href":"https:\/\/staging.ivg.it\/ediapi\/wp\/v2\/types\/post"}],"author":[{"embeddable":true,"href":"https:\/\/staging.ivg.it\/ediapi\/wp\/v2\/users\/18"}],"replies":[{"embeddable":true,"href":"https:\/\/staging.ivg.it\/ediapi\/wp\/v2\/comments?post=95092"}],"version-history":[{"count":0,"href":"https:\/\/staging.ivg.it\/ediapi\/wp\/v2\/posts\/95092\/revisions"}],"wp:attachment":[{"href":"https:\/\/staging.ivg.it\/ediapi\/wp\/v2\/media?parent=95092"}],"wp:term":[{"taxonomy":"category","embeddable":true,"href":"https:\/\/staging.ivg.it\/ediapi\/wp\/v2\/categories?post=95092"},{"taxonomy":"post_tag","embeddable":true,"href":"https:\/\/staging.ivg.it\/ediapi\/wp\/v2\/tags?post=95092"}],"curies":[{"name":"wp","href":"https:\/\/api.w.org\/{rel}","templated":true}]}}