{"id":95088,"date":"2010-07-18T13:57:24","date_gmt":"2010-07-18T11:57:24","guid":{"rendered":"http:\/\/www.ivg.it\/?p=95088"},"modified":"2010-07-19T09:38:07","modified_gmt":"2010-07-19T07:38:07","slug":"incendio-pullman-celle-il-racconto-di-un-superstitee-stato-un-inferno","status":"publish","type":"post","link":"https:\/\/staging.ivg.it\/2010\/07\/incendio-pullman-celle-il-racconto-di-un-superstitee-stato-un-inferno\/","title":{"rendered":"Incendio pullman Celle, il racconto di un superstite:&#8221;E&#8217; stato un inferno&#8221;"},"content":{"rendered":"<p><strong>Celle Ligure.<\/strong> Alle telecamere di Ivg i racconti a caldo di un uomo che \u00e8 riuscito a mettersi in salvo dopo l&#8217;incendio che ha colpito questa mattina l&#8217;autobus che viaggiava sull&#8217;autostrada A10 tra Varazze e Celle Ligure.<\/p>\n<p>&#8220;Ero seduto tre file dietro la donna che ha perso la vita. Stavo viaggiando insieme a mia moglie e ai miei figli, volevamo trascorrere qualche giorno in Riviera al mare. Era una vacanza che aspettavamo da molto tempo, frutto di sacrifici e risparmi&#8221;.<\/p>\n<p>L&#8217;uomo da nove anni in Italia, lavorava come operaio in un&#8217;azienza dell&#8217;hinterland milanese.<\/p>\n<p>&#8220;E&#8217; stato un infermo, come vivere uno dei peggiori incubi, non lo auguro a nessuno. L&#8217;incendio si \u00e8 sviluppato con una rapidit\u00e0 impressionante. Stavamo viaggiando tranquilli, ormai mancavano pochi chilometri e saremmo finalmente giunti ad Alassio. Il fumo ha improvvisamente riempito l&#8217;abitacolo, era nero e denso, mancava l&#8217;aria, ci sentivamo soffocare&#8221;.<\/p>\n<p>&#8220;Le persone hanno incominciato ad urlare e gridare per il panico. Fuori era buio, eravamo in galleria e questo ha contribuito ad aumentare la claustrofobia di molti che cercavano di uscire dal pullman.Il mio primo pensiero \u00e8 stato mettere in salvo la mia famiglia e i miei figli, portarli fuori e ho fatto di tutto per farlo, anche se non si vedeva nulla&#8221;.<\/p>\n<p>&#8220;Quando siamo usciti e ci siamo accorti che mancava una persona all&#8217;appello, \u00e8 stato troppo tardi, le fiamme si erano impadronite del pullman. Non c&#8217;era pi\u00f9 nulla da fare&#8221;.<\/p>\n<p>Il gruppo di filippini in base alle prime indiscrezioni, aveva prenotato la vacanza da molti mesi. Venti euro ciascuno per un viaggio che si \u00e8 concluso nel peggiore dei modi e che non porter\u00e0 con s\u00e8 certamente ricordi felici.<\/p>\n","protected":false},"excerpt":{"rendered":"<p>Celle Ligure. Alle telecamere di Ivg i racconti a caldo di un uomo che \u00e8 riuscito a mettersi in salvo dopo l&#8217;incendio che ha colpito questa mattina l&#8217;autobus che viaggiava sull&#8217;autostrada A10 tra Varazze e Celle Ligure. &#8220;Ero seduto tre file dietro la donna che ha perso la vita. Stavo viaggiando insieme a mia moglie [&hellip;]<\/p>\n","protected":false},"author":13744,"featured_media":0,"comment_status":"open","ping_status":"closed","sticky":false,"template":"","format":"standard","meta":{"footnotes":""},"categories":[34],"tags":[678,86004,423,8439,618],"class_list":["post-95088","post","type-post","status-publish","format-standard","hentry","category-cronaca","tag-678","tag-celle-ligure","tag-incendio","tag-pullman","tag-vigili-del-fuoco","post_cat_citta-celle-ligure"],"amp_validity":null,"amp_enabled":true,"_links":{"self":[{"href":"https:\/\/staging.ivg.it\/ediapi\/wp\/v2\/posts\/95088","targetHints":{"allow":["GET"]}}],"collection":[{"href":"https:\/\/staging.ivg.it\/ediapi\/wp\/v2\/posts"}],"about":[{"href":"https:\/\/staging.ivg.it\/ediapi\/wp\/v2\/types\/post"}],"author":[{"embeddable":true,"href":"https:\/\/staging.ivg.it\/ediapi\/wp\/v2\/users\/13744"}],"replies":[{"embeddable":true,"href":"https:\/\/staging.ivg.it\/ediapi\/wp\/v2\/comments?post=95088"}],"version-history":[{"count":0,"href":"https:\/\/staging.ivg.it\/ediapi\/wp\/v2\/posts\/95088\/revisions"}],"wp:attachment":[{"href":"https:\/\/staging.ivg.it\/ediapi\/wp\/v2\/media?parent=95088"}],"wp:term":[{"taxonomy":"category","embeddable":true,"href":"https:\/\/staging.ivg.it\/ediapi\/wp\/v2\/categories?post=95088"},{"taxonomy":"post_tag","embeddable":true,"href":"https:\/\/staging.ivg.it\/ediapi\/wp\/v2\/tags?post=95088"}],"curies":[{"name":"wp","href":"https:\/\/api.w.org\/{rel}","templated":true}]}}