{"id":94589,"date":"2010-07-13T11:02:44","date_gmt":"2010-07-13T09:02:44","guid":{"rendered":"http:\/\/www.ivg.it\/?p=94589"},"modified":"2010-07-13T17:31:54","modified_gmt":"2010-07-13T15:31:54","slug":"manovra-protesta-degli-enti-montani-davanti-alla-prefettura","status":"publish","type":"post","link":"https:\/\/staging.ivg.it\/2010\/07\/manovra-protesta-degli-enti-montani-davanti-alla-prefettura\/","title":{"rendered":"Manovra: protesta degli enti montani davanti alla Prefettura"},"content":{"rendered":"<p><strong>Savona.<\/strong> &#8220;I comuni montani sono destinati a sparire&#8221;. E&#8217; il grido di allarme che stanno lanciando in questi minuti le Comunit\u00e0 Montane liguri. Davanti a tutte le prefetture liguri \u00e8 in corso la manifestazione indetta dall&#8217;UNCEM &#8211; Unione Comunit\u00e0 Montane Liguri &#8211; per protestare contro la manovra del governo che mette in serio pericolo l&#8217;erogazione di servizi fondamentali per gli enti locali, con particolare riferimento al ruolo di copertura e assistenza sovracomunale fornita proprio dagli enti montani.<\/p>\n<p>&#8220;La Finanziaria 2010 ha gi\u00e0 tolto 3 mln di euro, con questa manovra la situazione sarebbe davvero insostenibile con la conseguenza della chiusura.\u00a0 Per questo chiediamo modifiche ad una manovra iniqua, che andr\u00e0 a colpire i cittadini di molte piccole localit\u00e0 montane&#8221; sottolinea il rappresentante per la Provincia di Savona Mauro Fenocchio, presidente della Comunit\u00e0 Montana Ponente Savonese. Nel corso della mattinata \u00e8 previsto un incontro con il pregetto Claudio Sammartino per spiegare i motivi della mobilitazione che oggi, marted\u00ec 13 luglio, ha portato alla &#8220;serrata&#8221; dei servizi erogati dalle Comunit\u00e0 Montane, una protesta iniziata alle 11 davanti a tutte le Prefetture liguri.<\/p>\n","protected":false},"excerpt":{"rendered":"<p>Savona. &#8220;I comuni montani sono destinati a sparire&#8221;. E&#8217; il grido di allarme che stanno lanciando in questi minuti le Comunit\u00e0 Montane liguri. Davanti a tutte le prefetture liguri \u00e8 in corso la manifestazione indetta dall&#8217;UNCEM &#8211; Unione Comunit\u00e0 Montane Liguri &#8211; per protestare contro la manovra del governo che mette in serio pericolo l&#8217;erogazione [&hellip;]<\/p>\n","protected":false},"author":4,"featured_media":0,"comment_status":"open","ping_status":"closed","sticky":false,"template":"","format":"standard","meta":{"footnotes":""},"categories":[35],"tags":[1787,1466],"class_list":["post-94589","post","type-post","status-publish","format-standard","hentry","category-economia","tag-servizi","tag-tagli","post_cat_citta-andora","post_cat_citta-savona"],"amp_validity":null,"amp_enabled":true,"_links":{"self":[{"href":"https:\/\/staging.ivg.it\/ediapi\/wp\/v2\/posts\/94589","targetHints":{"allow":["GET"]}}],"collection":[{"href":"https:\/\/staging.ivg.it\/ediapi\/wp\/v2\/posts"}],"about":[{"href":"https:\/\/staging.ivg.it\/ediapi\/wp\/v2\/types\/post"}],"author":[{"embeddable":true,"href":"https:\/\/staging.ivg.it\/ediapi\/wp\/v2\/users\/4"}],"replies":[{"embeddable":true,"href":"https:\/\/staging.ivg.it\/ediapi\/wp\/v2\/comments?post=94589"}],"version-history":[{"count":0,"href":"https:\/\/staging.ivg.it\/ediapi\/wp\/v2\/posts\/94589\/revisions"}],"wp:attachment":[{"href":"https:\/\/staging.ivg.it\/ediapi\/wp\/v2\/media?parent=94589"}],"wp:term":[{"taxonomy":"category","embeddable":true,"href":"https:\/\/staging.ivg.it\/ediapi\/wp\/v2\/categories?post=94589"},{"taxonomy":"post_tag","embeddable":true,"href":"https:\/\/staging.ivg.it\/ediapi\/wp\/v2\/tags?post=94589"}],"curies":[{"name":"wp","href":"https:\/\/api.w.org\/{rel}","templated":true}]}}