{"id":94457,"date":"2010-07-12T08:49:14","date_gmt":"2010-07-12T06:49:14","guid":{"rendered":"http:\/\/www.ivg.it\/?p=94457"},"modified":"2010-07-12T09:09:31","modified_gmt":"2010-07-12T07:09:31","slug":"le-telecamere-di-linea-blu-puntate-sul-ponete-ligure","status":"publish","type":"post","link":"https:\/\/staging.ivg.it\/2010\/07\/le-telecamere-di-linea-blu-puntate-sul-ponete-ligure\/","title":{"rendered":"Le telecamere di &#8220;Linea Blu&#8221; puntate sul Ponente ligure"},"content":{"rendered":"<p><strong>Ponente.<\/strong> &#8220;Linea Blu&#8221;, il programma targato Rai Uno in onda ogni sabato pomeriggio dalle 14.00 alle 16 e che racconta da 15 anni le bellezze del mare italiano, \u00e8 arrivato nel Ponente Ligure. Domani la troupe, a cura di Giuseppe Di Tommaso, girer\u00e0 nel Ponente ligure la puntata che andr\u00e0 in onda sabato 24 luglio, dove si racconteranno i fondali a largo di Albenga, custodi di due navi romane, la dolce vita di Alassio, le splendide spiagge di Laigueglia, Le grotte di Bergeggi, l&#8217;eccellenza nel campo dell&#8217;ospitalit\u00e0 di Finale Ligure, il porto bandiera blu di Marina di Andora e la pista ciclabile di Area 24 a Sanremo, frequentata soprattutto da turisti stranieri provenienti da tutto il mondo.<\/p>\n","protected":false},"excerpt":{"rendered":"<p>Ponente. &#8220;Linea Blu&#8221;, il programma targato Rai Uno in onda ogni sabato pomeriggio dalle 14.00 alle 16 e che racconta da 15 anni le bellezze del mare italiano, \u00e8 arrivato nel Ponente Ligure. Domani la troupe, a cura di Giuseppe Di Tommaso, girer\u00e0 nel Ponente ligure la puntata che andr\u00e0 in onda sabato 24 luglio, [&hellip;]<\/p>\n","protected":false},"author":13744,"featured_media":0,"comment_status":"open","ping_status":"closed","sticky":false,"template":"","format":"standard","meta":{"footnotes":""},"categories":[],"tags":[4967,5574,12510,402,16971,1014,9791],"class_list":["post-94457","post","type-post","status-publish","format-standard","hentry","tag-grotte","tag-isola-gallinara","tag-linea-blu","tag-mare","tag-ponente-ligure","tag-rai-uno","tag-spiagge","post_cat_citta-alassio","post_cat_citta-albenga","post_cat_citta-bergeggi","post_cat_citta-finale-ligure"],"amp_validity":null,"amp_enabled":true,"_links":{"self":[{"href":"https:\/\/staging.ivg.it\/ediapi\/wp\/v2\/posts\/94457","targetHints":{"allow":["GET"]}}],"collection":[{"href":"https:\/\/staging.ivg.it\/ediapi\/wp\/v2\/posts"}],"about":[{"href":"https:\/\/staging.ivg.it\/ediapi\/wp\/v2\/types\/post"}],"author":[{"embeddable":true,"href":"https:\/\/staging.ivg.it\/ediapi\/wp\/v2\/users\/13744"}],"replies":[{"embeddable":true,"href":"https:\/\/staging.ivg.it\/ediapi\/wp\/v2\/comments?post=94457"}],"version-history":[{"count":0,"href":"https:\/\/staging.ivg.it\/ediapi\/wp\/v2\/posts\/94457\/revisions"}],"wp:attachment":[{"href":"https:\/\/staging.ivg.it\/ediapi\/wp\/v2\/media?parent=94457"}],"wp:term":[{"taxonomy":"category","embeddable":true,"href":"https:\/\/staging.ivg.it\/ediapi\/wp\/v2\/categories?post=94457"},{"taxonomy":"post_tag","embeddable":true,"href":"https:\/\/staging.ivg.it\/ediapi\/wp\/v2\/tags?post=94457"}],"curies":[{"name":"wp","href":"https:\/\/api.w.org\/{rel}","templated":true}]}}