{"id":94196,"date":"2010-07-08T12:20:17","date_gmt":"2010-07-08T10:20:17","guid":{"rendered":"http:\/\/www.ivg.it\/?p=94196"},"modified":"2010-07-08T12:20:17","modified_gmt":"2010-07-08T10:20:17","slug":"giovani-protagonisti-a-quiliano-col-plug-festival","status":"publish","type":"post","link":"https:\/\/staging.ivg.it\/2010\/07\/giovani-protagonisti-a-quiliano-col-plug-festival\/","title":{"rendered":"Giovani, protagonisti a Quiliano col &#8220;Plug Festival&#8221;"},"content":{"rendered":"<p><strong>Quiliano<\/strong>. Venerd\u00ec 16, sabato 17, domenica 18 luglio prender\u00e0 vita a Quiliano la prima edizione del &#8220;Plug Festival&#8221;. La manifestazione vedr\u00e0 come organizzatori e protagonisti assoluti tutti i gruppi di fatto, associazioni e realt\u00e0 giovanili spontanee attive nel comprensorio di Savona, che porteranno i loro contenuti di musica, cinema, arte, sport, aggregazione.<\/p>\n<p>A coordinare gli oltre 30 gruppi o formazioni presenti (vengono coinvolti nella sola organizzazione quasi 200 ragazzi) saranno le associazioni &#8220;Duevventi&#8221; e &#8220;Truelove&#8221;. Il festival ospiter\u00e0 la presentazione dell&#8217;inchiesta svolta da Duevventi sulle realt\u00e0 culturali attive nel\u00a0 savonese nonch\u00e9 il pubblico dibattito &#8220;Mettetevi da parte&#8221;. L&#8217;evento \u00e8 reso possibile dal supporto del Comune di Quiliano, che con &#8220;Plug&#8221; ha deciso di cogliere la sfida di aprire le porte alle nuove generazioni, inaugurando un proficuo canale di comunicazione basato sul principio dell&#8217;ascolto.<\/p>\n","protected":false},"excerpt":{"rendered":"<p>Quiliano. Venerd\u00ec 16, sabato 17, domenica 18 luglio prender\u00e0 vita a Quiliano la prima edizione del &#8220;Plug Festival&#8221;. La manifestazione vedr\u00e0 come organizzatori e protagonisti assoluti tutti i gruppi di fatto, associazioni e realt\u00e0 giovanili spontanee attive nel comprensorio di Savona, che porteranno i loro contenuti di musica, cinema, arte, sport, aggregazione. A coordinare gli [&hellip;]<\/p>\n","protected":false},"author":13744,"featured_media":0,"comment_status":"open","ping_status":"closed","sticky":false,"template":"","format":"standard","meta":{"footnotes":""},"categories":[],"tags":[620,85980,1245,3767,826,85860],"class_list":["post-94196","post","type-post","status-publish","format-standard","hentry","tag-concerti","tag-eventi","tag-giovani","tag-manifestazioni","tag-musica","tag-quiliano","post_cat_citta-quiliano"],"amp_validity":null,"amp_enabled":true,"_links":{"self":[{"href":"https:\/\/staging.ivg.it\/ediapi\/wp\/v2\/posts\/94196","targetHints":{"allow":["GET"]}}],"collection":[{"href":"https:\/\/staging.ivg.it\/ediapi\/wp\/v2\/posts"}],"about":[{"href":"https:\/\/staging.ivg.it\/ediapi\/wp\/v2\/types\/post"}],"author":[{"embeddable":true,"href":"https:\/\/staging.ivg.it\/ediapi\/wp\/v2\/users\/13744"}],"replies":[{"embeddable":true,"href":"https:\/\/staging.ivg.it\/ediapi\/wp\/v2\/comments?post=94196"}],"version-history":[{"count":0,"href":"https:\/\/staging.ivg.it\/ediapi\/wp\/v2\/posts\/94196\/revisions"}],"wp:attachment":[{"href":"https:\/\/staging.ivg.it\/ediapi\/wp\/v2\/media?parent=94196"}],"wp:term":[{"taxonomy":"category","embeddable":true,"href":"https:\/\/staging.ivg.it\/ediapi\/wp\/v2\/categories?post=94196"},{"taxonomy":"post_tag","embeddable":true,"href":"https:\/\/staging.ivg.it\/ediapi\/wp\/v2\/tags?post=94196"}],"curies":[{"name":"wp","href":"https:\/\/api.w.org\/{rel}","templated":true}]}}