{"id":94185,"date":"2010-07-08T11:33:59","date_gmt":"2010-07-08T09:33:59","guid":{"rendered":"http:\/\/www.ivg.it\/?p=94185"},"modified":"2010-07-08T15:29:19","modified_gmt":"2010-07-08T13:29:19","slug":"ciet-pagati-gli-stipendi-ma-lavoratori-e-rsu-chiedono-incontro-urgente-con-le-istituzioni","status":"publish","type":"post","link":"https:\/\/staging.ivg.it\/2010\/07\/ciet-pagati-gli-stipendi-ma-lavoratori-e-rsu-chiedono-incontro-urgente-con-le-istituzioni\/","title":{"rendered":"Ciet, pagati gli stipendi ma lavoratori vogliono incontro con le Istituzioni"},"content":{"rendered":"<p><strong>Vado L<\/strong>. &#8220;Dopo 18 giorni di ritardo e 4 di sciopero, oggi Ciet &#8211; azienda che attualmente effettua le attivit\u00e0 di manutenzione , ripristino guasti e nuovi impianti per Telecom, nell\u2019intero territorio della Provincia di Savona &#8211; ha pagato gli stipendi di maggio a tutti i lavoratori dei cantieri di Savona e Albenga&#8221;. A comunicarlo \u00e8 il segretario della Fiom-Cgil di Savona Andrea Pasa che per\u00f2 precisa: &#8220;Il ripetersi di queste gratuite discriminazioni non pu\u00f2 essere accettato, in considerazione anche delle prossime scadenze retributive che l\u2019Azienda nei vari accordi si \u00e8 impegnata a garantire nei tempi prestabiliti&#8221;.<\/p>\n<p>&#8220;Vista la drammatica situazione in cui versa la rete telefonica nel nostro Paese, e soprattutto la mancanza di politiche industriali e di investimenti seri nella nostra Provincia (rete di nuova generazione &#8216;banda larga&#8217;) la Segreteria Provinciale della Fiom Cgil, unitamente a tutti i lavoratori della Ciet di Vado Ligure e Albenga, ha inoltrato una richiesta di incontro &#8216;urgente&#8217; alle Istituzioni locali (Regione, Provincia e Prefettura) al fine di rappresentare al meglio la reale situazione del settore delle installazioni telefoniche nella nostra Provincia e della particolare situazione della Ciet sul nostro territorio&#8221; annuncia Pasa.<\/p>\n<p>&#8220;Denunciamo ancora una volta, l\u2019inaccettabile ricorso al sub- appalto, causa di perdita di condizioni minime di tutela per i lavoratori, di perdita di standard qualitativi nell\u2019esecuzione dei lavori, e soprattutto perdita di livelli di sicurezza sul lavoro. Molti dei problemi finanziari di Ciet e di tutte le imprese del settore sono causa delle scelte industriali che Telecom ha fatto negli ultimi anni, provocando effetti disastrosi sia in termini occupazionali che di servizio&#8221; prosegue il segretario della Fiom-Cgil.<\/p>\n<p>&#8220;Tutto questo senza che le Istituzioni Nazionali e Locali facessero nulla per impedirlo. Le iniziative proseguiranno con il coinvolgimento delle Istituzioni e di tutti gli attori coinvolti nel sistema fino ad una soluzione positiva della vertenza&#8221; assicura Pasa.<\/p>\n","protected":false},"excerpt":{"rendered":"<p>Vado L. &#8220;Dopo 18 giorni di ritardo e 4 di sciopero, oggi Ciet &#8211; azienda che attualmente effettua le attivit\u00e0 di manutenzione , ripristino guasti e nuovi impianti per Telecom, nell\u2019intero territorio della Provincia di Savona &#8211; ha pagato gli stipendi di maggio a tutti i lavoratori dei cantieri di Savona e Albenga&#8221;. A comunicarlo [&hellip;]<\/p>\n","protected":false},"author":13744,"featured_media":0,"comment_status":"open","ping_status":"closed","sticky":false,"template":"","format":"standard","meta":{"footnotes":""},"categories":[34,35,31],"tags":[85841,10033,9940,86019,4898,2860,58,375,295,2152,85979],"class_list":["post-94185","post","type-post","status-publish","format-standard","hentry","category-cronaca","category-economia","category-politica","tag-albenga","tag-andrea-pasa","tag-ciet","tag-comune","tag-fiom-cgil","tag-incontro","tag-istituzioni","tag-provincia","tag-regione","tag-sciopero","tag-vado-ligure","post_cat_citta-vado-ligure"],"amp_validity":null,"amp_enabled":true,"_links":{"self":[{"href":"https:\/\/staging.ivg.it\/ediapi\/wp\/v2\/posts\/94185","targetHints":{"allow":["GET"]}}],"collection":[{"href":"https:\/\/staging.ivg.it\/ediapi\/wp\/v2\/posts"}],"about":[{"href":"https:\/\/staging.ivg.it\/ediapi\/wp\/v2\/types\/post"}],"author":[{"embeddable":true,"href":"https:\/\/staging.ivg.it\/ediapi\/wp\/v2\/users\/13744"}],"replies":[{"embeddable":true,"href":"https:\/\/staging.ivg.it\/ediapi\/wp\/v2\/comments?post=94185"}],"version-history":[{"count":0,"href":"https:\/\/staging.ivg.it\/ediapi\/wp\/v2\/posts\/94185\/revisions"}],"wp:attachment":[{"href":"https:\/\/staging.ivg.it\/ediapi\/wp\/v2\/media?parent=94185"}],"wp:term":[{"taxonomy":"category","embeddable":true,"href":"https:\/\/staging.ivg.it\/ediapi\/wp\/v2\/categories?post=94185"},{"taxonomy":"post_tag","embeddable":true,"href":"https:\/\/staging.ivg.it\/ediapi\/wp\/v2\/tags?post=94185"}],"curies":[{"name":"wp","href":"https:\/\/api.w.org\/{rel}","templated":true}]}}