{"id":93857,"date":"2010-07-05T13:13:15","date_gmt":"2010-07-05T11:13:15","guid":{"rendered":"http:\/\/www.ivg.it\/?p=93857"},"modified":"2010-07-05T13:13:15","modified_gmt":"2010-07-05T11:13:15","slug":"la-corale-alpina-savonese-canta-per-i-detenuti","status":"publish","type":"post","link":"https:\/\/staging.ivg.it\/2010\/07\/la-corale-alpina-savonese-canta-per-i-detenuti\/","title":{"rendered":"La Corale Alpina Savonese canta per i detenuti"},"content":{"rendered":"<p><strong>Savona.<\/strong> Nell&#8217;ambito del programma &#8220;Luglio 2010 nei Quartieri&#8221;, promosso dall&#8217;Assessorato ai Quartieri, marted\u00ec 6 luglio, alle ore 18, la Corale Alpina Savonese, diretta dal Maestro Eugenio Alipede, far\u00e0 ingresso nella Casa Circondariale di Savona con l&#8217;intento di portare un momento di serenit\u00e0 fatto di canti popolari e di montagna a favore dei detenuti.<\/p>\n<p>&#8220;La passione e l&#8217;impegno posti nell&#8217;organizzazione dell&#8217;evento, sia da parte dell&#8217;Amministrazione Comunale nella persona dell&#8217;Assessore ai Quartieri Francesco Lirosi, che la disponibilit\u00e0 del Direttore delle Carceri Dott. Mangraviti, hanno fatto s\u00ec che questo momento si realizzasse e che, anche se solo per un&#8217;ora, i detenuti facciano &#8216;parte&#8217; in maniera viva ed efficace della nostra citt\u00e0 &#8211; dichiara Mario Alluto, Presidente della Corale Alpina Savonese -. Infatti, riteniamo azzeccata la collocazione all&#8217;interno del programma &#8216;Luglio nei Quartieri&#8217;. In particolare, la Corale Alpina Savonese, che ha sempre collaborato attivamente con le iniziative del Comune, fin dal primo gemellaggio con la citt\u00e0 di Villingen (Germania) a tutte le iniziative a scopo sociale e benefico, \u00e8 particolarmente lieta di poter proseguire proprio su questa linea, che con questo concerto impegnativo e del tutto particolare, la pone ancora una volta fra le associazioni savonesi storiche di maggior impegno, anche e soprattutto a favore di chi viene impropriamente definito fra gli &#8216;ultimi&#8217;, ma che opportunamente stimolato pu\u00f2 riservare positive e inaspettate sorprese. L&#8217;iniziativa ha quindi l&#8217;obiettivo di &#8216;integrazione sociale&#8217;, di volont\u00e0 di partecipazione e di avvicinamento alla realt\u00e0 quotidiana dei detenuti; ad essa, ci si augura, possano seguire altre iniziative, magari con la diretta partecipazione dei detenuti, come d&#8217;altra parte gi\u00e0 in opera in diverse altri carceri italiane&#8221;.<\/p>\n","protected":false},"excerpt":{"rendered":"<p>Savona. Nell&#8217;ambito del programma &#8220;Luglio 2010 nei Quartieri&#8221;, promosso dall&#8217;Assessorato ai Quartieri, marted\u00ec 6 luglio, alle ore 18, la Corale Alpina Savonese, diretta dal Maestro Eugenio Alipede, far\u00e0 ingresso nella Casa Circondariale di Savona con l&#8217;intento di portare un momento di serenit\u00e0 fatto di canti popolari e di montagna a favore dei detenuti. &#8220;La passione [&hellip;]<\/p>\n","protected":false},"author":13744,"featured_media":0,"comment_status":"open","ping_status":"closed","sticky":false,"template":"","format":"standard","meta":{"footnotes":""},"categories":[],"tags":[7674,2394,8303,14344,2661,85850],"class_list":["post-93857","post","type-post","status-publish","format-standard","hentry","tag-canti","tag-carcere","tag-casa-circondariale","tag-corale-alpina-savonese","tag-detenuti","tag-savona","post_cat_citta-savona"],"amp_validity":null,"amp_enabled":true,"_links":{"self":[{"href":"https:\/\/staging.ivg.it\/ediapi\/wp\/v2\/posts\/93857","targetHints":{"allow":["GET"]}}],"collection":[{"href":"https:\/\/staging.ivg.it\/ediapi\/wp\/v2\/posts"}],"about":[{"href":"https:\/\/staging.ivg.it\/ediapi\/wp\/v2\/types\/post"}],"author":[{"embeddable":true,"href":"https:\/\/staging.ivg.it\/ediapi\/wp\/v2\/users\/13744"}],"replies":[{"embeddable":true,"href":"https:\/\/staging.ivg.it\/ediapi\/wp\/v2\/comments?post=93857"}],"version-history":[{"count":0,"href":"https:\/\/staging.ivg.it\/ediapi\/wp\/v2\/posts\/93857\/revisions"}],"wp:attachment":[{"href":"https:\/\/staging.ivg.it\/ediapi\/wp\/v2\/media?parent=93857"}],"wp:term":[{"taxonomy":"category","embeddable":true,"href":"https:\/\/staging.ivg.it\/ediapi\/wp\/v2\/categories?post=93857"},{"taxonomy":"post_tag","embeddable":true,"href":"https:\/\/staging.ivg.it\/ediapi\/wp\/v2\/tags?post=93857"}],"curies":[{"name":"wp","href":"https:\/\/api.w.org\/{rel}","templated":true}]}}