{"id":93624,"date":"2010-07-02T11:54:07","date_gmt":"2010-07-02T09:54:07","guid":{"rendered":"http:\/\/www.ivg.it\/?p=93624"},"modified":"2010-07-02T17:41:52","modified_gmt":"2010-07-02T15:41:52","slug":"savona-cgil-adesione-massiccia-allo-sciopero-in-1500-in-piazza","status":"publish","type":"post","link":"https:\/\/staging.ivg.it\/2010\/07\/savona-cgil-adesione-massiccia-allo-sciopero-in-1500-in-piazza\/","title":{"rendered":"Savona, Cgil: &#8220;Adesione massiccia allo sciopero, in 1.500 in piazza&#8221;"},"content":{"rendered":"<p><strong>Savona<\/strong>. Massiccia adesione nel savonese, secondo la Cgil provinciale, allo sciopero generale di oggi che ha visto nuovamente scendere in piazza i lavoratori di diversi comparti, con particolare riferimento al settore della scuola e ai dipendenti pubblici. Gradita sorpresa, secondo la stessa Cgil, l&#8217;adesione di molti esercizi commerciali e di lavoratori di servizi e del terziario.<\/p>\n<p>&#8220;Credo che la mobilitazione odierna dimostri la completa contrariet\u00e0 del mondo del lavoro savonese alla manovra presentata dal Governo. I tagli previsti nell&#8217;erogazione delle risorse e negli investimenti porteranno ad una riduzione degli organici in diversi settori fondamentali e comparti pubblici. La Cgil proseguir\u00e0 nella sua attivit\u00e0 di mobilitazione e di sensibilizzazione per avviare insieme alle altre forze sociali, cos\u00ec come gli enti pubblici, gli interventi necessari per ottenere modifiche sostanziali alla manovra&#8221; ha dichiarato il segretario provinciale della Cgil Francesco Rossello. &#8220;Pensiamo solo al blocco degli stipendi e delle assunzioni, si parla di 45 mln di euro in meno nelle tasche di molti lavoratori che quindi dovranno contrarre i consumi. Insomma una manovra che non premia certo la ripresa dell&#8217;economia&#8221; ha concluso il segretario Cgil.<\/p>\n<p>Circa 1.500 persone hanno preso parte questa mattina al corteo di protesta che si \u00e8 svolto a Savona. Dopo gli interventi di vari esponenti sindacali la manifestazione si \u00e8 snodata per le vie del centro cittadino arrivando in piazza Mameli per tornare poi in piazza Sisto.<\/p>\n","protected":false},"excerpt":{"rendered":"<p>Savona. Massiccia adesione nel savonese, secondo la Cgil provinciale, allo sciopero generale di oggi che ha visto nuovamente scendere in piazza i lavoratori di diversi comparti, con particolare riferimento al settore della scuola e ai dipendenti pubblici. Gradita sorpresa, secondo la stessa Cgil, l&#8217;adesione di molti esercizi commerciali e di lavoratori di servizi e del [&hellip;]<\/p>\n","protected":false},"author":5,"featured_media":0,"comment_status":"open","ping_status":"closed","sticky":false,"template":"","format":"standard","meta":{"footnotes":""},"categories":[34,31],"tags":[507,4574,669,781,85850,2152],"class_list":["post-93624","post","type-post","status-publish","format-standard","hentry","category-cronaca","category-politica","tag-cgil","tag-francesco-rossello","tag-manifestazione","tag-protesta","tag-savona","tag-sciopero","post_cat_citta-savona"],"amp_validity":null,"amp_enabled":true,"_links":{"self":[{"href":"https:\/\/staging.ivg.it\/ediapi\/wp\/v2\/posts\/93624","targetHints":{"allow":["GET"]}}],"collection":[{"href":"https:\/\/staging.ivg.it\/ediapi\/wp\/v2\/posts"}],"about":[{"href":"https:\/\/staging.ivg.it\/ediapi\/wp\/v2\/types\/post"}],"author":[{"embeddable":true,"href":"https:\/\/staging.ivg.it\/ediapi\/wp\/v2\/users\/5"}],"replies":[{"embeddable":true,"href":"https:\/\/staging.ivg.it\/ediapi\/wp\/v2\/comments?post=93624"}],"version-history":[{"count":0,"href":"https:\/\/staging.ivg.it\/ediapi\/wp\/v2\/posts\/93624\/revisions"}],"wp:attachment":[{"href":"https:\/\/staging.ivg.it\/ediapi\/wp\/v2\/media?parent=93624"}],"wp:term":[{"taxonomy":"category","embeddable":true,"href":"https:\/\/staging.ivg.it\/ediapi\/wp\/v2\/categories?post=93624"},{"taxonomy":"post_tag","embeddable":true,"href":"https:\/\/staging.ivg.it\/ediapi\/wp\/v2\/tags?post=93624"}],"curies":[{"name":"wp","href":"https:\/\/api.w.org\/{rel}","templated":true}]}}