{"id":93621,"date":"2010-07-02T11:42:34","date_gmt":"2010-07-02T09:42:34","guid":{"rendered":"http:\/\/www.ivg.it\/?p=93621"},"modified":"2010-07-02T18:11:59","modified_gmt":"2010-07-02T16:11:59","slug":"pd-di-tullio-e-stata-dura-battaglia-ora-e-tempo-di-cambiare-e-tornare-a-vincere","status":"publish","type":"post","link":"https:\/\/staging.ivg.it\/2010\/07\/pd-di-tullio-e-stata-dura-battaglia-ora-e-tempo-di-cambiare-e-tornare-a-vincere\/","title":{"rendered":"Pd, Di Tullio: &#8220;E&#8217; stata dura battaglia, ora \u00e8 tempo di cambiare e tornare a vincere&#8221;"},"content":{"rendered":"<p><strong>Savona<\/strong>. Prime parole da segretario provinciale del Pd per Livio di Tullio, nel day after che l&#8217;ha visto trionfare su Monica Giuliano nella corsa per la segreteria del Partito Democratico savonese, un p\u00f2 stanco e affaticato per la &#8220;nottata elettorale&#8221; ma felice ed entusiasta della nomina proclamata dagli iscritti del partito.<\/p>\n<p>Un partito spaccato in due? Chiediamo al neo segretario provinciale: &#8220;Certamente \u00e8 stata una battaglia dura e Monica Giuliano \u00e8 stata una degna avversaria. E&#8217; normale arrivare al congresso con posizioni diverse ed in questo caso con una linea programmatica diversa rispetto alla mia. Resta un dato politico, la mia affermazione si \u00e8 verificata nei punti strategici della Provincia: Savona, Albenga, Cairo e Varazze&#8221;.<\/p>\n<p>Il neo segretario Di Tullio tende poi la mano a Monica Giuliano e alla &#8220;fazione&#8221; perdente del partito: &#8220;Per il Partito Democratico \u00e8 tempo di cambiamento cos\u00ec come voluto dai nostri iscritti e dai nostri circoli e questo \u00e8 un percorso che dovr\u00e0 essere compiuto assieme. Da segretario mi impegner\u00f2 a valutare e a tenere in condiderazione le varie anime del Pd e lanciare il partito verso quello che davvero conta: ovvero tornare a vincere le elezioni. Questo dovr\u00e0 essere il nostro impegno comune&#8221;.<\/p>\n<p>Livio Di Tullio si \u00e8 detto inoltre soddisfatto della sua netta vittoria nel ponente: &#8220;Un territorio che ha capito la mia volont\u00e0 di cambiare e di agire in discontinuit\u00e0 con quanto fatto nella precedente segreteria dedicando attenzione ad un territorio che il Pd aveva senz&#8217;altro un p\u00f2 abbandonato&#8221;.<\/p>\n<p>Il segretario provinciale del Pd ha parlato anche di Carlo Ruggeri: &#8220;Per noi resta una risorsa importante del partito e sono convinto che ci sar\u00e0 spazio anche per lui nella costruzione del nuovo Partito Democratico nel savonese&#8221;. Di Tullio, infine, ha confermato pieno dialogo con l&#8217;ex segretario Giovanni Lunardon (attuale vice segretario regionale del Pd), oltre che massima collaborazione con lo stesso presidente della Regione Liguria Claudio Burlando per gli interventi di sviluppo economico e occupazionale della Provincia di Savona. Top secret, per ora, su quella che sar\u00e0 la squadra che affiancher\u00e0 Di Tullio alla segreteria del partito.<\/p>\n","protected":false},"excerpt":{"rendered":"<p>Savona. Prime parole da segretario provinciale del Pd per Livio di Tullio, nel day after che l&#8217;ha visto trionfare su Monica Giuliano nella corsa per la segreteria del Partito Democratico savonese, un p\u00f2 stanco e affaticato per la &#8220;nottata elettorale&#8221; ma felice ed entusiasta della nomina proclamata dagli iscritti del partito. Un partito spaccato in [&hellip;]<\/p>\n","protected":false},"author":4,"featured_media":0,"comment_status":"open","ping_status":"closed","sticky":false,"template":"","format":"standard","meta":{"footnotes":""},"categories":[34,31],"tags":[596,197,85850,5865],"class_list":["post-93621","post","type-post","status-publish","format-standard","hentry","category-cronaca","category-politica","tag-partito-democratico","tag-pd","tag-savona","tag-segretario-provinciale","post_cat_citta-savona"],"amp_validity":null,"amp_enabled":true,"_links":{"self":[{"href":"https:\/\/staging.ivg.it\/ediapi\/wp\/v2\/posts\/93621","targetHints":{"allow":["GET"]}}],"collection":[{"href":"https:\/\/staging.ivg.it\/ediapi\/wp\/v2\/posts"}],"about":[{"href":"https:\/\/staging.ivg.it\/ediapi\/wp\/v2\/types\/post"}],"author":[{"embeddable":true,"href":"https:\/\/staging.ivg.it\/ediapi\/wp\/v2\/users\/4"}],"replies":[{"embeddable":true,"href":"https:\/\/staging.ivg.it\/ediapi\/wp\/v2\/comments?post=93621"}],"version-history":[{"count":0,"href":"https:\/\/staging.ivg.it\/ediapi\/wp\/v2\/posts\/93621\/revisions"}],"wp:attachment":[{"href":"https:\/\/staging.ivg.it\/ediapi\/wp\/v2\/media?parent=93621"}],"wp:term":[{"taxonomy":"category","embeddable":true,"href":"https:\/\/staging.ivg.it\/ediapi\/wp\/v2\/categories?post=93621"},{"taxonomy":"post_tag","embeddable":true,"href":"https:\/\/staging.ivg.it\/ediapi\/wp\/v2\/tags?post=93621"}],"curies":[{"name":"wp","href":"https:\/\/api.w.org\/{rel}","templated":true}]}}