{"id":93510,"date":"2010-07-01T12:41:13","date_gmt":"2010-07-01T10:41:13","guid":{"rendered":"http:\/\/www.ivg.it\/?p=93510"},"modified":"2010-07-01T14:44:56","modified_gmt":"2010-07-01T12:44:56","slug":"tribunale-savona-in-corso-lo-sciopero-dei-magistrati-contro-la-finanziaria","status":"publish","type":"post","link":"https:\/\/staging.ivg.it\/2010\/07\/tribunale-savona-in-corso-lo-sciopero-dei-magistrati-contro-la-finanziaria\/","title":{"rendered":"Tribunale Savona: in corso lo sciopero dei magistrati contro la Finanziaria"},"content":{"rendered":"<p><strong>Savona<\/strong>. E&#8217; in corso anche presso il Tribunale di Savona lo sciopero dei magistrati, indetto a livello nazionale. Al secondo piano del Palazzo di Giustizia savonese si sta svolgendo in questi minuti una riunione presieduta dal Procuratore Capo Francantonio Granero. Un&#8217;occasione per fare il &#8220;punto della situazione&#8221; e coordinare il lavoro con la sezione di polizia giudiziaria con la quale si \u00e8 parlato di accelerare e snellire tutte quelle pratiche relative alle attivit\u00e0 pi\u00f9 &#8220;ordinarie&#8221; per ricavare il tempo da dedicare a inchieste e indagini di un certo spessore.<\/p>\n<p>Ecco le parole del Procuratore affidate ad un volantino che sottolinea &#8220;l&#8217;astensione odierna da qualsiasi decisione o atto riconducibile alla struttura organizzativa e alla gestione materiale dell&#8217;attivit\u00e0 giudiziaria&#8221;. La giornata &#8211; viene specificato nel volantino in questione &#8211; sar\u00e0 dedicata ad attivit\u00e0 di formazione della polizia giudiziaria &#8220;in modo da rendere pi\u00f9 efficiente l&#8217;esercizio dell&#8217;azione penale al quale si tenta di frapporre sempre nuovi e pi\u00f9 dirompenti ostacoli&#8221;.<\/p>\n<p>In questa giornata, l&#8217;Associazione Nazionale Magistrati protesta contro la manovra finanziaria del Governo che, si legge in un comunicato, &#8220;incide unicamente sul pubblico impiego, senza colpire gli evasori fiscali (gi\u00e0 beneficiati da numerosi condoni), i patrimoni illeciti, le grandi rendite e le ricchezze del settore privato; paralizza l&#8217;intero sistema giudiziario, scredita e mortifica il personale amministrativo; svilisce la dignit\u00e0 della funzione giudiziaria e mina l&#8217;indipendenza e l&#8217;autonomia della magistratura; incide in misura rilevante sulle retribuzioni dei magistrati nella prima fase della carriera, e soprattutto dei pi\u00f9 giovani, che subiscono una riduzione di stipendio fino al 30 per cento. Questo significher\u00e0 allontanare i giovani dalla magistratura ed avere, per il futuro, magistrati meno qualificati e professionalmente adeguati; colpisce in maniera iniqua, indiscriminata e casuale. Ad esempio, un pubblico dipendente (magistrato o altro funzionario) con uno stipendio lordo di 150.000 euro subir\u00e0 un taglio di stipendio di 3.000 euro lordi l&#8217;anno (cio\u00e8 il 2% dello stipendio), mentre un magistrato di prima nomina con uno stipendio lordo di circa 40.000 euro subir\u00e0 tagli complessivi per circa 10.000 euro lordi l&#8217;anno (circa il 25% dello stipendio)&#8221;.<\/p>\n<p>&#8220;Una manovra che sta gi\u00e0 provocando un massiccio &#8216;esodo&#8217; di magistrati, gravemente penalizzati dalle misure concernenti il trattamento di fine rapporto, con conseguente grave scopertura degli organici gi\u00e0 in sofferenza. Chiediamo dunque al governo interventi strutturali che consentirebbero di ridurre le spese nel settore giustizia e di recuperare risorse per lo Stato&#8221;.<\/p>\n","protected":false},"excerpt":{"rendered":"<p>Savona. E&#8217; in corso anche presso il Tribunale di Savona lo sciopero dei magistrati, indetto a livello nazionale. Al secondo piano del Palazzo di Giustizia savonese si sta svolgendo in questi minuti una riunione presieduta dal Procuratore Capo Francantonio Granero. Un&#8217;occasione per fare il &#8220;punto della situazione&#8221; e coordinare il lavoro con la sezione di [&hellip;]<\/p>\n","protected":false},"author":13744,"featured_media":0,"comment_status":"open","ping_status":"closed","sticky":false,"template":"","format":"standard","meta":{"footnotes":""},"categories":[],"tags":[869,3563,17694,16920],"class_list":["post-93510","post","type-post","status-publish","format-standard","hentry","tag-finanziaria","tag-francantonio-granero","tag-manovra-economica","tag-tribunale-di-savona","post_cat_citta-savona"],"amp_validity":null,"amp_enabled":true,"_links":{"self":[{"href":"https:\/\/staging.ivg.it\/ediapi\/wp\/v2\/posts\/93510","targetHints":{"allow":["GET"]}}],"collection":[{"href":"https:\/\/staging.ivg.it\/ediapi\/wp\/v2\/posts"}],"about":[{"href":"https:\/\/staging.ivg.it\/ediapi\/wp\/v2\/types\/post"}],"author":[{"embeddable":true,"href":"https:\/\/staging.ivg.it\/ediapi\/wp\/v2\/users\/13744"}],"replies":[{"embeddable":true,"href":"https:\/\/staging.ivg.it\/ediapi\/wp\/v2\/comments?post=93510"}],"version-history":[{"count":0,"href":"https:\/\/staging.ivg.it\/ediapi\/wp\/v2\/posts\/93510\/revisions"}],"wp:attachment":[{"href":"https:\/\/staging.ivg.it\/ediapi\/wp\/v2\/media?parent=93510"}],"wp:term":[{"taxonomy":"category","embeddable":true,"href":"https:\/\/staging.ivg.it\/ediapi\/wp\/v2\/categories?post=93510"},{"taxonomy":"post_tag","embeddable":true,"href":"https:\/\/staging.ivg.it\/ediapi\/wp\/v2\/tags?post=93510"}],"curies":[{"name":"wp","href":"https:\/\/api.w.org\/{rel}","templated":true}]}}