{"id":93365,"date":"2010-06-30T09:30:59","date_gmt":"2010-06-30T07:30:59","guid":{"rendered":"http:\/\/www.ivg.it\/?p=93365"},"modified":"2010-06-30T09:30:59","modified_gmt":"2010-06-30T07:30:59","slug":"savona-domenica-ritorna-la-mangialonga-ecco-il-programma","status":"publish","type":"post","link":"https:\/\/staging.ivg.it\/2010\/06\/savona-domenica-ritorna-la-mangialonga-ecco-il-programma\/","title":{"rendered":"Savona, domenica ritorna la &#8220;Mangialonga&#8221;: ecco il programma"},"content":{"rendered":"<p><strong>Savona<\/strong>. Domenica 4 luglio si rinnova l&#8217;appuntamento con la Mangialonga savonese, una camminata &#8220;tranquilla&#8221; alla scoperta del territorio e della gastronomia ligure. Durante la passeggiata infatti si assaggiano piatti della tradizione ligure con influssi piemontesi. La chiusura delle iscrizioni avverr\u00e0 al raggiungimento di 350 persone.<\/p>\n<p>&#8220;Abbiamo attenzione all&#8217;ambiente, quindi piatti, bicchieri e posate sono tutti in materiale biodegradabile. Le bibite che serviamo sono quelle del commercio equosolidale, quindi niente prodotti multinazionali. Il vino \u00e8 piemontese, ma contiamo di proporre e far conoscere anche produttori locali. I punti gastronomici li trovate dentro le SMS, altri &#8216;open air&#8217;, nel bosco, questo ci complica un po&#8217; la vita sul piano organizzativo, ma pensiamo che offra un&#8217;opportunit\u00e0 piuttosto unica di coniugare buon cibo e natura, insomma \u00e8 il nostro marchio&#8221; spiegano gli ideatori dell&#8217;iniziativa.<\/p>\n<p>L&#8217;organizzazione \u00e8 a cura dei volontari delle tre Societ\u00e0 di Mutuo Soccorso savonesi che si sono coordinate attraverso l&#8217;Arci, associazione alla quale aderiscono con storicamente con convinzione, e che sono la SMS Cantagalletto, la SMS San Bernardo in Valle e la SMS Aldo Tambuscio di Marmorassi. &#8220;Gi\u00e0 dalla prima edizione il ricavato netto della manifestazione \u00e8 stato impiegato per due progetti di solidariet\u00e0. Uno \u00e8 servito per aiutare una signora ecuadoriana affetta da leucemia e il secondo per promuovere il progetto di cooperazione ed amicizia con il Marocco &#8216;Mediterranea&#8217;, progetto ideato ed organizzato da Arcisolidariet\u00e0 Savona in collaborazione con il Comune di Savona e la SMS Cantagalletto&#8221; aggiungono gli organizzatori.<\/p>\n<p>&#8220;Nel 2010, a fine estate, Arcisolidariet\u00e0 Savona, in collaborazione con l&#8217;assessorato alla cooperazione decentrata porter\u00e0 in Marocco, nelle citt\u00e0 &#8220;gemellate&#8221; di Bouznika e Cherrat, almeno 2 bus usati, donati e ristrutturati dall&#8217;Acts, che verranno utilizzati in quelle comunit\u00e0 come scuolabus per i bambini delle comunit\u00e0 locali. Il ricavato netto della Mangialonga 2010 servir\u00e0 per sostenere questo progetto e per aiutare anche il miglioramento dell\u00b4ambulatorio inaugurato il 25 dicembre 2009 a Bouznika, anche grazie ai fondi raccolti nella scorsa Mangialonga di settembre 2009&#8243; concludono i promotori dell&#8217;iniziativa.<\/p>\n<p>Questo il programma della Mangialonga: partenza dalla Piazza di Lavagnola, a cominciare dalle ore 10; in ogni tappa si cominceranno a servire gli assaggi secondo i seguenti orari: Sms Tambuscio dalle ore 10,30; Sms S Bernardo dalle ore 11,30; San Michele dalle ore 12,30; Localit\u00e0 Perdoni e Sms Cantagalletto dalle ore 13,30. Questi i piatti che si potranno gustare: SMS A.Tambuscio, Marmorassi, spuntino con focaccine di patate e vino bianco, th\u00e8 e bevande; SMS S.Bernardo, antipastini vari, vino e bevande; Localit\u00e0 San Michele, la Polenta ed una succulenta pasta e fagioli; Localit\u00e0 Perdoni, grigliata di carne mista con verdure alla griglia, pi\u00f9 presentazione prodotti locali; SMS Cantagalletto, dolci magrebini e th\u00e8 alla menta.<\/p>\n<p>Durante le degustazioni sar\u00e0 possibile anche assistere a degli spettacoli: localit\u00e0 San Michele, musica folk; Localit\u00e0 Perdoni, gruppo musica occitana; ritrovo finale presso la SMS Cantagalletto con balli di gruppo internazionali e danza del ventre. Il costo di partecipazione \u00e8 di euro 19, quota che comprende il diritto all\u00b4intero percorso con tutti gli assaggi, gli spettacoli ed un cappellino a ricordo della manifestazione, sicuramente utile per il percorso.<\/p>\n","protected":false},"excerpt":{"rendered":"<p>Savona. Domenica 4 luglio si rinnova l&#8217;appuntamento con la Mangialonga savonese, una camminata &#8220;tranquilla&#8221; alla scoperta del territorio e della gastronomia ligure. Durante la passeggiata infatti si assaggiano piatti della tradizione ligure con influssi piemontesi. La chiusura delle iscrizioni avverr\u00e0 al raggiungimento di 350 persone. &#8220;Abbiamo attenzione all&#8217;ambiente, quindi piatti, bicchieri e posate sono tutti [&hellip;]<\/p>\n","protected":false},"author":5,"featured_media":0,"comment_status":"open","ping_status":"closed","sticky":false,"template":"","format":"standard","meta":{"footnotes":""},"categories":[56],"tags":[6003,12189,85850,110],"class_list":["post-93365","post","type-post","status-publish","format-standard","hentry","category-altre","tag-degustazione","tag-mangialonga","tag-savona","tag-spettacolo","post_cat_citta-savona"],"amp_validity":null,"amp_enabled":true,"_links":{"self":[{"href":"https:\/\/staging.ivg.it\/ediapi\/wp\/v2\/posts\/93365","targetHints":{"allow":["GET"]}}],"collection":[{"href":"https:\/\/staging.ivg.it\/ediapi\/wp\/v2\/posts"}],"about":[{"href":"https:\/\/staging.ivg.it\/ediapi\/wp\/v2\/types\/post"}],"author":[{"embeddable":true,"href":"https:\/\/staging.ivg.it\/ediapi\/wp\/v2\/users\/5"}],"replies":[{"embeddable":true,"href":"https:\/\/staging.ivg.it\/ediapi\/wp\/v2\/comments?post=93365"}],"version-history":[{"count":0,"href":"https:\/\/staging.ivg.it\/ediapi\/wp\/v2\/posts\/93365\/revisions"}],"wp:attachment":[{"href":"https:\/\/staging.ivg.it\/ediapi\/wp\/v2\/media?parent=93365"}],"wp:term":[{"taxonomy":"category","embeddable":true,"href":"https:\/\/staging.ivg.it\/ediapi\/wp\/v2\/categories?post=93365"},{"taxonomy":"post_tag","embeddable":true,"href":"https:\/\/staging.ivg.it\/ediapi\/wp\/v2\/tags?post=93365"}],"curies":[{"name":"wp","href":"https:\/\/api.w.org\/{rel}","templated":true}]}}