{"id":93338,"date":"2010-06-29T17:51:10","date_gmt":"2010-06-29T15:51:10","guid":{"rendered":"http:\/\/www.ivg.it\/?p=93338"},"modified":"2010-06-29T19:11:27","modified_gmt":"2010-06-29T17:11:27","slug":"trasporti-lassessore-vesco-tagli-per-130-mln-di-euro","status":"publish","type":"post","link":"https:\/\/staging.ivg.it\/2010\/06\/trasporti-lassessore-vesco-tagli-per-130-mln-di-euro\/","title":{"rendered":"Trasporti, l&#8217;assessore Vesco: &#8220;Tagli per 130 mln di euro&#8221;"},"content":{"rendered":"<p><strong>Liguria.<\/strong> L\u2019assessore Vesco ha partecipato alla manifestazione organizzata dal comitato pendolari della Liguria, dai sindacati e dalle associazioni dei consumatori per protestare contro i tagli al trasporto pubblico annunciati nella manovra finanziaria proposta dal Governo Berlusconi.<\/p>\n<p>&#8220;La manovra che il Governo si accinge a varare \u2013 ha detto Vesco &#8211;\u00a0\u00a0vanifica i nostri sforzi perch\u00e9 colpisce duramente il trasporto pubblico locale e, secondo le stime, taglier\u00e0\u00a0 pi\u00f9 di 130 milioni di euro nel biennio 2011-2012, privandoci del 30% circa dei contributi. Cifre cos\u00ec elevate che si rischia di mettere a rischio l&#8217;intero sistema perch\u00e9 non vanno a incidere sugli sprechi ma direttamente sui servizi ai cittadini. I costi fissi non possono essere toccati, quindi non resterebbe che aumentare le tariffe o tagliare le linee: misure inaccettabili in una Regione come la nostra, gi\u00e0 penalizzata sia dal punto di vista del servizio, largamente insoddisfacente, sia da quello morfologico e orografico, che rende le nostre infrastrutture incapaci di rispondere adeguatamente alla domanda di mobilit\u00e0&#8221;.<\/p>\n<p>&#8220;Fino ad oggi la Regione Liguria ha investito moltissimo nel trasporto pubblico, non ultimo con la recente sottoscrizione del Contratto di servizio con Trenitalia che ha bloccato le tariffe e ha impegnato fondi regionali per migliorare la viabilit\u00e0 e per comprare nuovi treni: per questo \u2013 ha ribadito l\u2019assessore &#8211; non potevo che sostenere questa protesta dei pendolari perch\u00e9 dopo aver negato la crisi per tanto tempo oggi il governo vorrebbe mettere le mani nelle loro tasche per risolverla&#8221;.<\/p>\n<p>&#8220;Ritengo paradossale \u2013 ha concluso Vesco &#8211; che il Governo italiano si sia opposto nell\u2019ambito del G20 alla tassazione delle banche, e poi con questa manovra non si faccia scrupoli per chiedere i soldi a studenti e lavoratori che ogni giorno devono utilizzare i mezzi pubblici&#8221;.<\/p>\n","protected":false},"excerpt":{"rendered":"<p>Liguria. L\u2019assessore Vesco ha partecipato alla manifestazione organizzata dal comitato pendolari della Liguria, dai sindacati e dalle associazioni dei consumatori per protestare contro i tagli al trasporto pubblico annunciati nella manovra finanziaria proposta dal Governo Berlusconi. &#8220;La manovra che il Governo si accinge a varare \u2013 ha detto Vesco &#8211;\u00a0\u00a0vanifica i nostri sforzi perch\u00e9 colpisce [&hellip;]<\/p>\n","protected":false},"author":4,"featured_media":0,"comment_status":"open","ping_status":"closed","sticky":false,"template":"","format":"standard","meta":{"footnotes":""},"categories":[35],"tags":[636,1466,1747],"class_list":["post-93338","post","type-post","status-publish","format-standard","hentry","category-economia","tag-ferrovie","tag-tagli","tag-trasporto-pubblico","post_cat_citta-andora"],"amp_validity":null,"amp_enabled":true,"_links":{"self":[{"href":"https:\/\/staging.ivg.it\/ediapi\/wp\/v2\/posts\/93338","targetHints":{"allow":["GET"]}}],"collection":[{"href":"https:\/\/staging.ivg.it\/ediapi\/wp\/v2\/posts"}],"about":[{"href":"https:\/\/staging.ivg.it\/ediapi\/wp\/v2\/types\/post"}],"author":[{"embeddable":true,"href":"https:\/\/staging.ivg.it\/ediapi\/wp\/v2\/users\/4"}],"replies":[{"embeddable":true,"href":"https:\/\/staging.ivg.it\/ediapi\/wp\/v2\/comments?post=93338"}],"version-history":[{"count":0,"href":"https:\/\/staging.ivg.it\/ediapi\/wp\/v2\/posts\/93338\/revisions"}],"wp:attachment":[{"href":"https:\/\/staging.ivg.it\/ediapi\/wp\/v2\/media?parent=93338"}],"wp:term":[{"taxonomy":"category","embeddable":true,"href":"https:\/\/staging.ivg.it\/ediapi\/wp\/v2\/categories?post=93338"},{"taxonomy":"post_tag","embeddable":true,"href":"https:\/\/staging.ivg.it\/ediapi\/wp\/v2\/tags?post=93338"}],"curies":[{"name":"wp","href":"https:\/\/api.w.org\/{rel}","templated":true}]}}