{"id":93303,"date":"2010-06-29T14:43:45","date_gmt":"2010-06-29T12:43:45","guid":{"rendered":"http:\/\/www.ivg.it\/?p=93303"},"modified":"2010-06-30T10:36:18","modified_gmt":"2010-06-30T08:36:18","slug":"aeroporto-panero-verso-lassemblea-dei-soci-pronta-la-ricapitalizzazione","status":"publish","type":"post","link":"https:\/\/staging.ivg.it\/2010\/06\/aeroporto-panero-verso-lassemblea-dei-soci-pronta-la-ricapitalizzazione\/","title":{"rendered":"Aeroporto Panero, verso l&#8217;assemblea dei soci: pronta la ricapitalizzazione"},"content":{"rendered":"<p><strong>Villanova d&#8217;Albenga.<\/strong> E&#8217; stata convocata per il prossimo 12 luglio l&#8217;attesa Assemblea dei Soci della societ\u00e0 Ava che gestisce l&#8217;aeroporto Clemente Panero di Villanova d&#8217;Albenga. I soci saranno chiamati all&#8217;approvazione del bilancio di esercizio 2009 ed il piano strategico futuro per lo scalo ingauno con al centro l&#8217;iter di privatizzazione dell&#8217;unico privato, il gruppo Orsero, che ha presentato domanda di acquisizione del pacchetto di maggioranza della societ\u00e0 Ava.<\/p>\n<p>600 mila euro la perdita stimata nell&#8217;ultimo anno, quindi in attesa di definire quale sar\u00e0 il futuro assetto societario l&#8217;assemblea dei soci sar\u00e0 chiamata ad una ricapitalizzazione: la cifra \u00e8 ancora tutta da stabilire ed i margini di oscillazione sono tra i 300 mila oppure arrivare anche ad oltre un mln di euro. Ancora da valutare quanto gli enti pubblici azionisti vorranno mettere in cassa per lo scalo villanovese, al momento impegnato nello sviluppo della business aviation, ma ancora in attesa di sapere le sorti del volo di continuit\u00e0 territoriale con Roma. L&#8217;assemblea dei soci, visto che l&#8217;operazione riguarder\u00e0 direttamente l&#8217;ingresso del gruppo Orsero, far\u00f2 il punto anche sul progetto di trasferimento della Piaggio a Villanova d&#8217;Albenga.<\/p>\n","protected":false},"excerpt":{"rendered":"<p>Villanova d&#8217;Albenga. E&#8217; stata convocata per il prossimo 12 luglio l&#8217;attesa Assemblea dei Soci della societ\u00e0 Ava che gestisce l&#8217;aeroporto Clemente Panero di Villanova d&#8217;Albenga. I soci saranno chiamati all&#8217;approvazione del bilancio di esercizio 2009 ed il piano strategico futuro per lo scalo ingauno con al centro l&#8217;iter di privatizzazione dell&#8217;unico privato, il gruppo Orsero, [&hellip;]<\/p>\n","protected":false},"author":4,"featured_media":0,"comment_status":"open","ping_status":"closed","sticky":false,"template":"","format":"standard","meta":{"footnotes":""},"categories":[35],"tags":[1129,349,348,4427,85967],"class_list":["post-93303","post","type-post","status-publish","format-standard","hentry","category-economia","tag-ava","tag-orsero","tag-panero","tag-soci","tag-villanova-dalbenga","post_cat_citta-villanova-dalbenga"],"amp_validity":null,"amp_enabled":true,"_links":{"self":[{"href":"https:\/\/staging.ivg.it\/ediapi\/wp\/v2\/posts\/93303","targetHints":{"allow":["GET"]}}],"collection":[{"href":"https:\/\/staging.ivg.it\/ediapi\/wp\/v2\/posts"}],"about":[{"href":"https:\/\/staging.ivg.it\/ediapi\/wp\/v2\/types\/post"}],"author":[{"embeddable":true,"href":"https:\/\/staging.ivg.it\/ediapi\/wp\/v2\/users\/4"}],"replies":[{"embeddable":true,"href":"https:\/\/staging.ivg.it\/ediapi\/wp\/v2\/comments?post=93303"}],"version-history":[{"count":0,"href":"https:\/\/staging.ivg.it\/ediapi\/wp\/v2\/posts\/93303\/revisions"}],"wp:attachment":[{"href":"https:\/\/staging.ivg.it\/ediapi\/wp\/v2\/media?parent=93303"}],"wp:term":[{"taxonomy":"category","embeddable":true,"href":"https:\/\/staging.ivg.it\/ediapi\/wp\/v2\/categories?post=93303"},{"taxonomy":"post_tag","embeddable":true,"href":"https:\/\/staging.ivg.it\/ediapi\/wp\/v2\/tags?post=93303"}],"curies":[{"name":"wp","href":"https:\/\/api.w.org\/{rel}","templated":true}]}}