{"id":93182,"date":"2010-06-28T13:50:10","date_gmt":"2010-06-28T11:50:10","guid":{"rendered":"http:\/\/www.ivg.it\/?p=93182"},"modified":"2010-06-28T18:18:42","modified_gmt":"2010-06-28T16:18:42","slug":"albisola-pendolare-stressato-impazzisce-spacca-tutto-e-se-la-prende-con-un-90enne","status":"publish","type":"post","link":"https:\/\/staging.ivg.it\/2010\/06\/albisola-pendolare-stressato-impazzisce-spacca-tutto-e-se-la-prende-con-un-90enne\/","title":{"rendered":"Albisola: pendolare stressato impazzisce, &#8220;spacca tutto&#8221; e se la prende con un 90enne"},"content":{"rendered":"<p><strong>Savona<\/strong>. Ricorda un po&#8217; la trama di &#8220;Un giorno di ordinaria follia&#8221;, con Michael Douglas che impazzisce nel traffico metropolitano, l'&#8221;exploit&#8221; di un 36enne di Albisola Superiore, che ieri ha portato &#8220;scompiglio&#8221; nella stazione della cittadina rivierasca mandando in frantumi porte a vetri e bacheche con gli orari dei treni. Si tratta di A.G., pendolare &#8220;stressato&#8221; dai continui ritardi delle Ferrovie dello Stato, che ieri \u00e8 letteralmente impazzito danneggiando qualsiasi cosa trovasse davanti a s\u00e8. La trama albisolese non fa per\u00f2 molto sorridere dal momento che, a subirne le conseguenze, \u00e8 stato anche un 90enne che ora si trova in ospedale con una prognosi di trenta giorni per un grave trauma cranico.<\/p>\n<p>Era da tempo che A.G. dava segni di squilibrio. Prima, riempendo i muri che si trovano tutt&#8217;attorno la stazione ferroviaria di scritte contenenti insulti (verso Trenitalia, il Comune, la Protezione Civile fino ad esaurire tutte le istituzioni presenti sul territorio)\u00a0 e poi, ieri,\u00a0 danneggiando vetrate, bacheche e tutto ci\u00f2 che ha trovato sul suo cammino verso casa (compresi gli specchietti delle auto capitategli a tiro). Il culmine della violenza lo ha raggiunto per\u00f2 a casa dove se l&#8217;\u00e8 presa col suo anziano vicino, &#8220;colpevole&#8221;, da quanto riferito ai carabinieri, di &#8220;disturbarlo&#8221;. Il 90enne \u00e8 stato preso a pugni in testa ed \u00e8 tutt&#8217;ora ricoverato in ospedale. Il pendolare stressato e violento \u00e8 stato invece arrestato con l&#8217;accusa di danneggiamento e lesioni personali gravi e si trova nel carcere San&#8217;Agostino. Verr\u00e0 presto sottoposto a perizia psichiatrica e, sulla base di questa, giudicato per direttissima verso la fine della settimana.<\/p>\n","protected":false},"excerpt":{"rendered":"<p>Savona. Ricorda un po&#8217; la trama di &#8220;Un giorno di ordinaria follia&#8221;, con Michael Douglas che impazzisce nel traffico metropolitano, l&#8217;&#8221;exploit&#8221; di un 36enne di Albisola Superiore, che ieri ha portato &#8220;scompiglio&#8221; nella stazione della cittadina rivierasca mandando in frantumi porte a vetri e bacheche con gli orari dei treni. Si tratta di A.G., pendolare [&hellip;]<\/p>\n","protected":false},"author":2620,"featured_media":0,"comment_status":"open","ping_status":"closed","sticky":false,"template":"","format":"standard","meta":{"footnotes":""},"categories":[34],"tags":[432,666,228,1881,342,13035],"class_list":["post-93182","post","type-post","status-publish","format-standard","hentry","category-cronaca","tag-albisola","tag-arresto","tag-carabinieri","tag-danneggiamento","tag-lesioni","tag-pendolare","post_cat_citta-albisola-superiore"],"amp_validity":null,"amp_enabled":true,"_links":{"self":[{"href":"https:\/\/staging.ivg.it\/ediapi\/wp\/v2\/posts\/93182","targetHints":{"allow":["GET"]}}],"collection":[{"href":"https:\/\/staging.ivg.it\/ediapi\/wp\/v2\/posts"}],"about":[{"href":"https:\/\/staging.ivg.it\/ediapi\/wp\/v2\/types\/post"}],"author":[{"embeddable":true,"href":"https:\/\/staging.ivg.it\/ediapi\/wp\/v2\/users\/2620"}],"replies":[{"embeddable":true,"href":"https:\/\/staging.ivg.it\/ediapi\/wp\/v2\/comments?post=93182"}],"version-history":[{"count":0,"href":"https:\/\/staging.ivg.it\/ediapi\/wp\/v2\/posts\/93182\/revisions"}],"wp:attachment":[{"href":"https:\/\/staging.ivg.it\/ediapi\/wp\/v2\/media?parent=93182"}],"wp:term":[{"taxonomy":"category","embeddable":true,"href":"https:\/\/staging.ivg.it\/ediapi\/wp\/v2\/categories?post=93182"},{"taxonomy":"post_tag","embeddable":true,"href":"https:\/\/staging.ivg.it\/ediapi\/wp\/v2\/tags?post=93182"}],"curies":[{"name":"wp","href":"https:\/\/api.w.org\/{rel}","templated":true}]}}