{"id":93147,"date":"2010-06-28T09:34:22","date_gmt":"2010-06-28T07:34:22","guid":{"rendered":"http:\/\/www.ivg.it\/?p=93147"},"modified":"2010-06-28T15:33:44","modified_gmt":"2010-06-28T13:33:44","slug":"tomaso-domani-ludienza-allontanando-il-pensiero-di-nuovi-rinvii","status":"publish","type":"post","link":"https:\/\/staging.ivg.it\/2010\/06\/tomaso-domani-ludienza-allontanando-il-pensiero-di-nuovi-rinvii\/","title":{"rendered":"Tomaso, domani l&#8217;udienza: allontanando il pensiero di nuovi rinvii"},"content":{"rendered":"<p><strong>India<\/strong>. Il timore \u00e8 sempre quello che qualcosa vada storto, che possano verificarsi degli intoppi dell&#8217;ultim&#8217;ora che portino all&#8217;ennesimo, estenuante, rinvio dell&#8217;udienza che dovrebbe discutere il caso di Tomaso ed Elisabetta, rinchiusi da 5 mesi nel carcere indiano di Varanasi con l&#8217;accusa di omicidio.<\/p>\n<p>La discussione \u00e8 stata fissata per domani, dopo che l&#8217;ultima \u00e8 stata rimandata perch\u00e8 il giudice si trovava in vacanza, e la penultima perch\u00e8 era in corso lo sciopero dei pubblici ministeri indiani. Ostacoli che hanno costretto i due ragazzi a sopportare un&#8217;attesa che avrebbe messo alla prova chiunque, compresi i familiari che stanno facendo il possibile affinch\u00e8 si arrivi presto ad una soluzione. Un&#8217;udienza che arriverebbe alla vigilia del concerto organizzato dagli amici del 27enne albenganese per raccogliere fondi da destinare alle famiglie dei due ragazzi e che avr\u00e0 come &#8220;palcoscenico&#8221; Albenga e la &#8220;sua&#8221; piazza San Michele. I continui rinvii e i numerosi viaggi compiuti dai genitori di Tomaso hanno certamente avuto un peso economico considerevole, ed \u00e8 per questo che si \u00e8 pensato a questa iniziativa e all&#8217;apertura di un apposito conto corrente (ecco le coordinate bancarie: Banca CREDEM fil. Albenga &#8211; IBAN: IT47U0303249250010000001128 &#8211; COD.BIC (per Paesi no euro): BACRIT22 &#8211; beneficiario: Associazione &#8220;Alziamo la voce&#8221;; causale: raccolta fondi Tomaso e Elisabetta).<\/p>\n<p>Tomaso ed Elisabetta sono accusati della morte del loro compagno di viaggio, Francesco Montis, trovato agonizzante nella camera d\u2019albergo che i tre condividevano la mattina del 4 febbraio. Mentre gli inquirenti parlano di un \u201ctriangolo amoroso\u201d sfociato in un omicidio passionale, i genitori della stessa vittima si sono schierati al fianco dei due giovani, facendo sapere che il loro figlio soffriva da tempo di gravi crisi respiratorie e propendono dunque per la morte per cause naturali. Ed \u00e8 proprio questa la linea di difesa degli avvocati cui si \u00e8 affidata la famiglia Bruno. Il processo stenta per\u00f2 a &#8220;decollare&#8221;. Si spera in domani per un&#8217;inversione di rotta.<\/p>\n","protected":false},"excerpt":{"rendered":"<p>India. Il timore \u00e8 sempre quello che qualcosa vada storto, che possano verificarsi degli intoppi dell&#8217;ultim&#8217;ora che portino all&#8217;ennesimo, estenuante, rinvio dell&#8217;udienza che dovrebbe discutere il caso di Tomaso ed Elisabetta, rinchiusi da 5 mesi nel carcere indiano di Varanasi con l&#8217;accusa di omicidio. La discussione \u00e8 stata fissata per domani, dopo che l&#8217;ultima \u00e8 [&hellip;]<\/p>\n","protected":false},"author":2620,"featured_media":0,"comment_status":"open","ping_status":"closed","sticky":false,"template":"","format":"standard","meta":{"footnotes":""},"categories":[34],"tags":[2394,21323,21264,2371,924,1981,21234,14404,21324],"class_list":["post-93147","post","type-post","status-publish","format-standard","hentry","category-cronaca","tag-carcere","tag-elisabetta-boncompagni","tag-francesco-montis","tag-india","tag-omicidio","tag-processo","tag-tomaso-bruno","tag-udienza","tag-varanasi"],"amp_validity":null,"amp_enabled":true,"_links":{"self":[{"href":"https:\/\/staging.ivg.it\/ediapi\/wp\/v2\/posts\/93147","targetHints":{"allow":["GET"]}}],"collection":[{"href":"https:\/\/staging.ivg.it\/ediapi\/wp\/v2\/posts"}],"about":[{"href":"https:\/\/staging.ivg.it\/ediapi\/wp\/v2\/types\/post"}],"author":[{"embeddable":true,"href":"https:\/\/staging.ivg.it\/ediapi\/wp\/v2\/users\/2620"}],"replies":[{"embeddable":true,"href":"https:\/\/staging.ivg.it\/ediapi\/wp\/v2\/comments?post=93147"}],"version-history":[{"count":0,"href":"https:\/\/staging.ivg.it\/ediapi\/wp\/v2\/posts\/93147\/revisions"}],"wp:attachment":[{"href":"https:\/\/staging.ivg.it\/ediapi\/wp\/v2\/media?parent=93147"}],"wp:term":[{"taxonomy":"category","embeddable":true,"href":"https:\/\/staging.ivg.it\/ediapi\/wp\/v2\/categories?post=93147"},{"taxonomy":"post_tag","embeddable":true,"href":"https:\/\/staging.ivg.it\/ediapi\/wp\/v2\/tags?post=93147"}],"curies":[{"name":"wp","href":"https:\/\/api.w.org\/{rel}","templated":true}]}}