{"id":92935,"date":"2010-06-24T17:06:41","date_gmt":"2010-06-24T15:06:41","guid":{"rendered":"http:\/\/www.ivg.it\/?p=92935"},"modified":"2010-06-24T17:06:41","modified_gmt":"2010-06-24T15:06:41","slug":"savona-ospita-le-nazionali-di-calcio-non-vedenti-italia-ucraina","status":"publish","type":"post","link":"https:\/\/staging.ivg.it\/2010\/06\/savona-ospita-le-nazionali-di-calcio-non-vedenti-italia-ucraina\/","title":{"rendered":"Savona ospita le nazionali di calcio non vedenti Italia Ucraina"},"content":{"rendered":"<p><strong>Savona<\/strong>.In occasione del Collegiale della Nazionale Italiana non vedenti e dello stage della rappresentativa ucraina di calcio non vedenti, il Savona Calcio, neo promosso in Lega Pro, ospita una manifestazione sportiva per diversamente abili.<\/p>\n<p>Il programma\u00a0si snoder\u00e0\u00a0in tre giornate: domani 25 giugno e sabato 26 giugno sessioni di allenamento al mattino e al pomeriggio. Il clou della manifestazione sar\u00e0 poi domenica mattina alle 9,30 per una partita amichevole di calcio non vedenti Italia-Ucraina.<\/p>\n<p>&#8220;L&#8217;attenzione del Savona &#8211; spiegano alla societ\u00e0 biancobl\u00f9 &#8211; rivolta allo sport \u00e8 intesa a 360 gradi. Non solo quello agonistico e professionistico dei risultati, ma anche quello che favorisce l&#8217;integrazione del diversamente abile nella societ\u00e0, perch\u00e9 ciascuno, dotato di abilit\u00e0 differenti, pu\u00f2 praticare con soddisfazione la propria passione sportiva&#8221;.<\/p>\n","protected":false},"excerpt":{"rendered":"<p>Savona.In occasione del Collegiale della Nazionale Italiana non vedenti e dello stage della rappresentativa ucraina di calcio non vedenti, il Savona Calcio, neo promosso in Lega Pro, ospita una manifestazione sportiva per diversamente abili. Il programma\u00a0si snoder\u00e0\u00a0in tre giornate: domani 25 giugno e sabato 26 giugno sessioni di allenamento al mattino e al pomeriggio. Il [&hellip;]<\/p>\n","protected":false},"author":13744,"featured_media":0,"comment_status":"open","ping_status":"closed","sticky":false,"template":"","format":"standard","meta":{"footnotes":""},"categories":[32],"tags":[85989,24021,85850,86042],"class_list":["post-92935","post","type-post","status-publish","format-standard","hentry","category-sport","tag-calcio","tag-non-vedenti","tag-savona","tag-savona-calcio","post_cat_citta-savona"],"amp_validity":null,"amp_enabled":true,"_links":{"self":[{"href":"https:\/\/staging.ivg.it\/ediapi\/wp\/v2\/posts\/92935","targetHints":{"allow":["GET"]}}],"collection":[{"href":"https:\/\/staging.ivg.it\/ediapi\/wp\/v2\/posts"}],"about":[{"href":"https:\/\/staging.ivg.it\/ediapi\/wp\/v2\/types\/post"}],"author":[{"embeddable":true,"href":"https:\/\/staging.ivg.it\/ediapi\/wp\/v2\/users\/13744"}],"replies":[{"embeddable":true,"href":"https:\/\/staging.ivg.it\/ediapi\/wp\/v2\/comments?post=92935"}],"version-history":[{"count":0,"href":"https:\/\/staging.ivg.it\/ediapi\/wp\/v2\/posts\/92935\/revisions"}],"wp:attachment":[{"href":"https:\/\/staging.ivg.it\/ediapi\/wp\/v2\/media?parent=92935"}],"wp:term":[{"taxonomy":"category","embeddable":true,"href":"https:\/\/staging.ivg.it\/ediapi\/wp\/v2\/categories?post=92935"},{"taxonomy":"post_tag","embeddable":true,"href":"https:\/\/staging.ivg.it\/ediapi\/wp\/v2\/tags?post=92935"}],"curies":[{"name":"wp","href":"https:\/\/api.w.org\/{rel}","templated":true}]}}