{"id":92715,"date":"2010-06-22T17:38:51","date_gmt":"2010-06-22T15:38:51","guid":{"rendered":"http:\/\/www.ivg.it\/?p=92715"},"modified":"2010-06-23T12:02:06","modified_gmt":"2010-06-23T10:02:06","slug":"alassio-sciroppo-avariato-per-la-asl-2-difetto-di-conservazione","status":"publish","type":"post","link":"https:\/\/staging.ivg.it\/2010\/06\/alassio-sciroppo-avariato-per-la-asl-2-difetto-di-conservazione\/","title":{"rendered":"Alassio, sciroppo &#8220;avariato&#8221;: per la Asl 2 difetto di conservazione"},"content":{"rendered":"<p><strong>Alassio.<\/strong> &#8220;Come Asl 2 siamo intervenuti prontamente, avviando le verifiche del caso dopo la segnalazione arrivata dalla donna che ha comprato lo sciroppo, che ha presentato denuncia ai carabinieri. Abbiamo segnalato il caso ai Nas di Genova che ora avvieranno i controlli relativi alla conservazione del farmaco, regolarmente prescritto da un pediatra&#8221;. Parla cos\u00ec ad IVG.it Gianluigi Figini, responsabile della Direzione della Farmacovigilanza dell&#8217;Asl 2 Savonese sul caso dello sciroppo per la gola, un fitofarmaco, comprato sabato mattina in una farmacia di Alassio, ed &#8220;esploso&#8221; dopo essere stato aperto.<\/p>\n<p>Lo sciroppo, come si \u00e8 gi\u00e0 appurato, non era scaduto, quindi l&#8217;unica ipotesi possibile, almeno secondo l&#8217;azienda sanitaria, \u00e8 una sua cattiva conservazione che ha determinato l&#8217;esplosione dello sciroppo. In caso l&#8217;indagine dei Nas confermasse questa ipotesi sar\u00e0 necessario l&#8217;immediato ritiro del prodotto su provvedimento del Ministero della Salute.<\/p>\n<p>La Asl 2 Savonese \u00e8 intanto risalita al grossista che ha consegnato la bottiglia alla farmacia alassina e alla ditta che l&#8217;ha prodotta, che ha sede a Desenzano sul Garda, in provincia di Brescia.<\/p>\n","protected":false},"excerpt":{"rendered":"<p>Alassio. &#8220;Come Asl 2 siamo intervenuti prontamente, avviando le verifiche del caso dopo la segnalazione arrivata dalla donna che ha comprato lo sciroppo, che ha presentato denuncia ai carabinieri. Abbiamo segnalato il caso ai Nas di Genova che ora avvieranno i controlli relativi alla conservazione del farmaco, regolarmente prescritto da un pediatra&#8221;. Parla cos\u00ec ad [&hellip;]<\/p>\n","protected":false},"author":4,"featured_media":0,"comment_status":"open","ping_status":"closed","sticky":false,"template":"","format":"standard","meta":{"footnotes":""},"categories":[34],"tags":[85824,292,9030,7605,737,3433,9291,1356],"class_list":["post-92715","post","type-post","status-publish","format-standard","hentry","category-cronaca","tag-alassio","tag-asl-2","tag-asl-2-savonese","tag-azienda-sanitaria","tag-genova","tag-ivgit","tag-ministero-della-salute","tag-nas","post_cat_citta-alassio","post_cat_citta-andora"],"amp_validity":null,"amp_enabled":true,"_links":{"self":[{"href":"https:\/\/staging.ivg.it\/ediapi\/wp\/v2\/posts\/92715","targetHints":{"allow":["GET"]}}],"collection":[{"href":"https:\/\/staging.ivg.it\/ediapi\/wp\/v2\/posts"}],"about":[{"href":"https:\/\/staging.ivg.it\/ediapi\/wp\/v2\/types\/post"}],"author":[{"embeddable":true,"href":"https:\/\/staging.ivg.it\/ediapi\/wp\/v2\/users\/4"}],"replies":[{"embeddable":true,"href":"https:\/\/staging.ivg.it\/ediapi\/wp\/v2\/comments?post=92715"}],"version-history":[{"count":0,"href":"https:\/\/staging.ivg.it\/ediapi\/wp\/v2\/posts\/92715\/revisions"}],"wp:attachment":[{"href":"https:\/\/staging.ivg.it\/ediapi\/wp\/v2\/media?parent=92715"}],"wp:term":[{"taxonomy":"category","embeddable":true,"href":"https:\/\/staging.ivg.it\/ediapi\/wp\/v2\/categories?post=92715"},{"taxonomy":"post_tag","embeddable":true,"href":"https:\/\/staging.ivg.it\/ediapi\/wp\/v2\/tags?post=92715"}],"curies":[{"name":"wp","href":"https:\/\/api.w.org\/{rel}","templated":true}]}}