{"id":92464,"date":"2010-06-19T18:03:48","date_gmt":"2010-06-19T16:03:48","guid":{"rendered":"http:\/\/www.ivg.it\/?p=92464"},"modified":"2010-06-20T17:04:52","modified_gmt":"2010-06-20T15:04:52","slug":"calcio-il-savona-manca-lultimo-traguardo-scudetto-al-montichiari","status":"publish","type":"post","link":"https:\/\/staging.ivg.it\/2010\/06\/calcio-il-savona-manca-lultimo-traguardo-scudetto-al-montichiari\/","title":{"rendered":"Calcio, il Savona manca l&#8217;ultimo traguardo: scudetto al Montichiari (foto)"},"content":{"rendered":"<p><strong>Savona<\/strong>. La lunghissima stagione del Savona Fbc si \u00e8 chiusa con una giornata storta. Allo stadio Morgagni di Forl\u00ec gli striscioni sono stati sconfitti senza appello dal Montichiari: 3 a 0 il risultato finale. Va cos\u00ec ai bresciani la poule scudetto e il titolo di campione d&#8217;Italia dilettanti.<\/p>\n<p>Una disfatta che non intacca una stagione straordinaria, culminata con il traguardo che pi\u00f9 contava: la promozione in Seconda Divisione. Oggi \u00e8 mancata la ciliegina sulla torta, ma poco importa: presto sar\u00e0 gi\u00e0 tempo di iniziare la nuova avventura, prima con la Coppa di Lega Pro e poi con il campionato.<\/p>\n<p>Sono circa un centinaio i tifosi savonesi giunti a Forl\u00ec per seguire l&#8217;ultimo atto di una stagione fantastica. Prima della partita l&#8217;allenatore Salvatore Iacolino va sotto il loro settore per salutarli. Oggi si chiude la sua prima e unica stagione sulla panchina degli striscioni. Una sola annata nella quale ha lasciato un ricordo indelebile nei tifosi, non solo per i risultati ma anche per il suo stile.<\/p>\n<p>I giocatori si affrontano diretti dall&#8217;arbitro Raffaele Losito della sezione di Pesaro, coadiuvato dagli assistenti Angelo Bonafede della sezione di Bologna e Marco Corso di quella di Carrara.<\/p>\n<p>La squadra savonese scende in campo determinata a centrare il traguardo, ma si scontra presto contro una rivale molto arroccata. Le due formazioni fin dai primi minuti mostrano di equivalersi. Il primo tentativo \u00e8 un tiro di Zirilli che non va a buon fine. Poco prima della mezz&#8217;ora \u00e8 Bruni, l&#8217;uomo che aveva sbloccato la semifinale con il Pisa, ad andare vicino al goal ma non ha fortuna. Unico ammonito nel primo tempo \u00e8 il savonese Ponzo. La prima frazione termina a reti inviolate, proprio come si era chiuso, sei giorni fa, l&#8217;incontro tra le stesse Montichiari e Savona valido per il girone di prima fase.<\/p>\n<p>In avvio di ripresa c&#8217;\u00e8 la svolta. Al 2\u00b0 il Montichiari conquista un calcio di rigore per un contrasto tra Bruni e Ferrari; quest&#8217;ultimo lo trasforma. Passa una decina di minuti e i rossoblu raddoppiano ancora con Ferrari. Il Savona, annichilito da un inizio di seconda frazione disastroso, prova a reagire. Ma spreca l&#8217;opportunit\u00e0 buona: Marrazzo sbaglia un penalty, assegnato per fallo di mano di Zaffagnini.\u00a0Sul rapido cambio di fronte\u00a0arriva il tris dei bresciani, sempre ad opera di Ferrari: partita finita. Le due squadre, provate da una stagione interminabile, non hanno pi\u00f9 nulla da dare. Gli ultimi minuti non regalano emozioni ed \u00e8 il Montichiari a potersi fregiare del titolo tricolore.<\/p>\n","protected":false},"excerpt":{"rendered":"<p>Savona. La lunghissima stagione del Savona Fbc si \u00e8 chiusa con una giornata storta. Allo stadio Morgagni di Forl\u00ec gli striscioni sono stati sconfitti senza appello dal Montichiari: 3 a 0 il risultato finale. Va cos\u00ec ai bresciani la poule scudetto e il titolo di campione d&#8217;Italia dilettanti. Una disfatta che non intacca una stagione [&hellip;]<\/p>\n","protected":false},"author":18,"featured_media":0,"comment_status":"open","ping_status":"closed","sticky":false,"template":"","format":"standard","meta":{"footnotes":""},"categories":[32],"tags":[85989,23786,23657,23656,85850,629],"class_list":["post-92464","post","type-post","status-publish","format-standard","hentry","category-sport","tag-calcio","tag-forli","tag-montichiari","tag-poule-scudetto","tag-savona","tag-serie-d","post_cat_citta-savona"],"amp_validity":null,"amp_enabled":true,"_links":{"self":[{"href":"https:\/\/staging.ivg.it\/ediapi\/wp\/v2\/posts\/92464","targetHints":{"allow":["GET"]}}],"collection":[{"href":"https:\/\/staging.ivg.it\/ediapi\/wp\/v2\/posts"}],"about":[{"href":"https:\/\/staging.ivg.it\/ediapi\/wp\/v2\/types\/post"}],"author":[{"embeddable":true,"href":"https:\/\/staging.ivg.it\/ediapi\/wp\/v2\/users\/18"}],"replies":[{"embeddable":true,"href":"https:\/\/staging.ivg.it\/ediapi\/wp\/v2\/comments?post=92464"}],"version-history":[{"count":0,"href":"https:\/\/staging.ivg.it\/ediapi\/wp\/v2\/posts\/92464\/revisions"}],"wp:attachment":[{"href":"https:\/\/staging.ivg.it\/ediapi\/wp\/v2\/media?parent=92464"}],"wp:term":[{"taxonomy":"category","embeddable":true,"href":"https:\/\/staging.ivg.it\/ediapi\/wp\/v2\/categories?post=92464"},{"taxonomy":"post_tag","embeddable":true,"href":"https:\/\/staging.ivg.it\/ediapi\/wp\/v2\/tags?post=92464"}],"curies":[{"name":"wp","href":"https:\/\/api.w.org\/{rel}","templated":true}]}}