{"id":92416,"date":"2010-06-19T11:06:57","date_gmt":"2010-06-19T09:06:57","guid":{"rendered":"http:\/\/www.ivg.it\/?p=92416"},"modified":"2010-06-19T18:06:28","modified_gmt":"2010-06-19T16:06:28","slug":"ceriale-detenzione-di-eroina-nonno-spacciatore-74enne-in-manette","status":"publish","type":"post","link":"https:\/\/staging.ivg.it\/2010\/06\/ceriale-detenzione-di-eroina-nonno-spacciatore-74enne-in-manette\/","title":{"rendered":"Ceriale, detenzione di eroina: &#8220;nonno-spacciatore&#8221; 74enne in manette"},"content":{"rendered":"<p><strong>Ceriale<\/strong>. Nel tardo pomeriggio di ieri, a Ceriale, nel parcheggio di un centro commerciale, i carabinieri del reparto operativo hanno messe le manette ai polsi, con l&#8217;accusa di detenzione ai fini di spaccio, un pensionato settantaquatrenne, G.F., che \u00e8 stato sorpreso a cedere sei confezioni di eroina ad un tossicodipendente di 27 anni.<\/p>\n<p>Dopo una perquisizione personale e all&#8217;interno dell&#8217;abitazione dell&#8217;uomo i militari hanno rinvenuto altra eroina e un bilancino di precisione. Il 74enne, senza precedenti penali, vista l&#8217;et\u00e0 avanzata, \u00e8 stato posto in stato arresto ma non \u00e8 stato portato in carcere. Si trova ai domiciliari a disposizione dell&#8217;Autorit\u00e0 Giudiziaria.<\/p>\n","protected":false},"excerpt":{"rendered":"<p>Ceriale. Nel tardo pomeriggio di ieri, a Ceriale, nel parcheggio di un centro commerciale, i carabinieri del reparto operativo hanno messe le manette ai polsi, con l&#8217;accusa di detenzione ai fini di spaccio, un pensionato settantaquatrenne, G.F., che \u00e8 stato sorpreso a cedere sei confezioni di eroina ad un tossicodipendente di 27 anni. Dopo una [&hellip;]<\/p>\n","protected":false},"author":13744,"featured_media":0,"comment_status":"open","ping_status":"closed","sticky":false,"template":"","format":"standard","meta":{"footnotes":""},"categories":[34],"tags":[666,228,85855,20467,1318],"class_list":["post-92416","post","type-post","status-publish","format-standard","hentry","category-cronaca","tag-arresto","tag-carabinieri","tag-ceriale","tag-detenzione-ai-fini-di-spaccio","tag-eroina","post_cat_citta-ceriale"],"amp_validity":null,"amp_enabled":true,"_links":{"self":[{"href":"https:\/\/staging.ivg.it\/ediapi\/wp\/v2\/posts\/92416","targetHints":{"allow":["GET"]}}],"collection":[{"href":"https:\/\/staging.ivg.it\/ediapi\/wp\/v2\/posts"}],"about":[{"href":"https:\/\/staging.ivg.it\/ediapi\/wp\/v2\/types\/post"}],"author":[{"embeddable":true,"href":"https:\/\/staging.ivg.it\/ediapi\/wp\/v2\/users\/13744"}],"replies":[{"embeddable":true,"href":"https:\/\/staging.ivg.it\/ediapi\/wp\/v2\/comments?post=92416"}],"version-history":[{"count":0,"href":"https:\/\/staging.ivg.it\/ediapi\/wp\/v2\/posts\/92416\/revisions"}],"wp:attachment":[{"href":"https:\/\/staging.ivg.it\/ediapi\/wp\/v2\/media?parent=92416"}],"wp:term":[{"taxonomy":"category","embeddable":true,"href":"https:\/\/staging.ivg.it\/ediapi\/wp\/v2\/categories?post=92416"},{"taxonomy":"post_tag","embeddable":true,"href":"https:\/\/staging.ivg.it\/ediapi\/wp\/v2\/tags?post=92416"}],"curies":[{"name":"wp","href":"https:\/\/api.w.org\/{rel}","templated":true}]}}