{"id":92222,"date":"2010-06-17T12:24:08","date_gmt":"2010-06-17T10:24:08","guid":{"rendered":"http:\/\/www.ivg.it\/?p=92222"},"modified":"2010-06-17T17:01:15","modified_gmt":"2010-06-17T15:01:15","slug":"processo-tomaso-giudice-in-ferie-udienza-rimandata","status":"publish","type":"post","link":"https:\/\/staging.ivg.it\/2010\/06\/processo-tomaso-giudice-in-ferie-udienza-rimandata\/","title":{"rendered":"Processo Tomaso: giudice in ferie, udienza rimandata"},"content":{"rendered":"<p><strong>India<\/strong>. Un destino beffardo &#8211; a voler usare un eufemismo &#8211; perseguita Tomaso ed Elisabetta che, tra rinvii, scioperi e disorganizzazione &#8220;varia&#8221;, ormai da quattro mesi aspettano pazientemente che la giustizia indiana si occupi di loro.<\/p>\n<p>L&#8217;ultima &#8220;porta in faccia&#8221; arriva per\u00f2 proprio a poche ore dall&#8217;udienza prevista per domani: non si terr\u00e0, perch\u00e8 il giudice \u00e8 in ferie. A dare l&#8217;annuncio \u00e8 mamma Marina che, via Facebook, scrive &#8220;di non avere parole&#8221; e cerca comunque di incoraggiare quel figlio detenuto in un Paese lontano che sente ormai ostile. Non \u00e8 certo la prima volta che capita, ma \u00e8 qualcosa che \u00e8 sempre pi\u00f9 difficile da accettare per la famiglia e, ovviamente, per i due ragazzi sui quali incombe un&#8217;accusa pesantissima come quella di omicidio.<\/p>\n<p>&#8220;Sono infuriato &#8211; dice Euro Bruno, esasperato e preoccupato per il figlio -. Ora far\u00f2 appello al presidente della Repubblica, che posso dire? Questi ragazzi sono cittadini italiani, innocenti fino a prova contraria: avranno pur diritto di essere difesi o no? Scriver\u00f2 quanto prima ai due onorevoli che si sono interessati fin da subito al caso di Tomaso ed Elisabetta, l&#8217;on.Eugenio Minasso e la senatrice Pinotti, affinch\u00e8 intercedano presso il Ministero degli Affari Esteri e sollecitino un intervento del Ministro Frattini&#8221;.<\/p>\n<p>&#8220;Sembra una presa in giro &#8211; continua Bruno -. La scorsa udienza \u00e8 stata rimandata perch\u00e8 dall&#8217;8 al 15 giugno c&#8217;era lo sciopero dei pubblici ministeri, dunque il giudice ha spostato l&#8217;udienza al 18: ma, voglio dire, non sapeva che sarebbe andato in ferie? Immagino i due ragazzi che, tutti speranzosi, oggi saranno stati portati davanti alla Corte per sentirsi dire che l&#8217;udienza non si sarebbe tenuta. Sono contraccolpi durissimi per il loro morale! Mi chiedo come abbiano resistito fino ad ora. Domani, credo, i nostri avvocati ci diranno a quando \u00e8 stata rimandata l&#8217;udienza. E, voglio sottolineare, non \u00e8 che questi avvocati lavorino gratis&#8221;.<\/p>\n<p>Tomaso Bruno ed Elisabetta Boncompagni sono rinchiusi dal febbraio scorso nel carcere di Varanasi per la morte del loro compagno di viaggio Francesco Montis, trovato agonizzante nella camera di albergo che i tre condividevano. Mentre l&#8217;accusa parla di omicidio passionale &#8211; &#8220;senza uno straccio di prova&#8221;, sottolineano gli amici di Facebook &#8211; la difesa parla di morte naturale.<\/p>\n","protected":false},"excerpt":{"rendered":"<p>India. Un destino beffardo &#8211; a voler usare un eufemismo &#8211; perseguita Tomaso ed Elisabetta che, tra rinvii, scioperi e disorganizzazione &#8220;varia&#8221;, ormai da quattro mesi aspettano pazientemente che la giustizia indiana si occupi di loro. L&#8217;ultima &#8220;porta in faccia&#8221; arriva per\u00f2 proprio a poche ore dall&#8217;udienza prevista per domani: non si terr\u00e0, perch\u00e8 il [&hellip;]<\/p>\n","protected":false},"author":2620,"featured_media":0,"comment_status":"open","ping_status":"closed","sticky":false,"template":"","format":"standard","meta":{"footnotes":""},"categories":[34],"tags":[8655,2394,21323,21471,21264,2371,924,4501,4894,21234,21324],"class_list":["post-92222","post","type-post","status-publish","format-standard","hentry","category-cronaca","tag-accusa","tag-carcere","tag-elisabetta-boncompagni","tag-euro-bruno","tag-francesco-montis","tag-india","tag-omicidio","tag-rinvii","tag-rinvio","tag-tomaso-bruno","tag-varanasi","post_cat_citta-albenga"],"amp_validity":null,"amp_enabled":true,"_links":{"self":[{"href":"https:\/\/staging.ivg.it\/ediapi\/wp\/v2\/posts\/92222","targetHints":{"allow":["GET"]}}],"collection":[{"href":"https:\/\/staging.ivg.it\/ediapi\/wp\/v2\/posts"}],"about":[{"href":"https:\/\/staging.ivg.it\/ediapi\/wp\/v2\/types\/post"}],"author":[{"embeddable":true,"href":"https:\/\/staging.ivg.it\/ediapi\/wp\/v2\/users\/2620"}],"replies":[{"embeddable":true,"href":"https:\/\/staging.ivg.it\/ediapi\/wp\/v2\/comments?post=92222"}],"version-history":[{"count":0,"href":"https:\/\/staging.ivg.it\/ediapi\/wp\/v2\/posts\/92222\/revisions"}],"wp:attachment":[{"href":"https:\/\/staging.ivg.it\/ediapi\/wp\/v2\/media?parent=92222"}],"wp:term":[{"taxonomy":"category","embeddable":true,"href":"https:\/\/staging.ivg.it\/ediapi\/wp\/v2\/categories?post=92222"},{"taxonomy":"post_tag","embeddable":true,"href":"https:\/\/staging.ivg.it\/ediapi\/wp\/v2\/tags?post=92222"}],"curies":[{"name":"wp","href":"https:\/\/api.w.org\/{rel}","templated":true}]}}