{"id":92186,"date":"2010-06-17T09:30:52","date_gmt":"2010-06-17T07:30:52","guid":{"rendered":"http:\/\/www.ivg.it\/?p=92186"},"modified":"2010-06-18T17:00:54","modified_gmt":"2010-06-18T15:00:54","slug":"ceriale-magia-prestigiatori-per-le-vie-del-paese","status":"publish","type":"post","link":"https:\/\/staging.ivg.it\/2010\/06\/ceriale-magia-prestigiatori-per-le-vie-del-paese\/","title":{"rendered":"&#8220;Ceriale Magia&#8221;: prestigiatori per le vie del paese"},"content":{"rendered":"<p><strong>Ceriale.<\/strong> Torna la magia nelle giornate estive di Ceriale. Dal 19 al 26 giugno si terr\u00e0 la seconda e straripante edizione dell&#8217;evento &#8220;Ceriale Magia&#8221;, patrocinato dal Comune &#8211; Assessorato al Turismo -, e dalla Provincia di Savona, organizzato dalla locale Pro Loco, dal Civ e dai bagni marini, con la direzione artistica di Gabriele Gentile, prestigiatore professionista e campione nazionale di magia, nonch\u00e9 &#8220;Guinness World Record&#8221;, attualmente sugli schermi di Rai e Sky con le sue esibizioni. Protagonisti della magica &#8220;kermesse&#8221; saranno anche Alberto Giorgi e Alvin Mask, per una manifestazione che promette grande spettacolo.<\/p>\n<p>La serata inaugurale del 19 giugno e quella conclusiva del 26 verranno trasmesse sul canale Sky 869 Play Tv: &#8220;E&#8217; un evento unico nel suo genere in Liguria &#8211; sottolinea Gentili -. Quest&#8217;anno raduneremo i grandi nomi nazionali della magia, con ospiti a sorpresa. Inoltre con gli &#8216;street magic&#8217; i prestigiatori porteranno la loro arte nelle strade e nelle piazze del paese, per una festa che ha ormai reso Ceriale localit\u00e0 simbolo per la magia. Ci sar\u00e0 davvero da divertirsi&#8230;&#8221;.<\/p>\n<p>&#8220;Dopo il successo della prima edizione abbiamo voluto ripetere questo evento, rendendolo ancora pi\u00f9 invitante e attraente. Nuovi maghi, nuovi laboratori e nuove magie nelle quali saranno protagonisti gli stessi bambini che vorranno partecipare alla manifestazione &#8211; afferma l&#8217;assessore al turismo del Comune di Ceriale Marinella Fasano -. Inoltre abbiamo incrementato il programma, con due serate in pi\u00f9, tra cui il &#8216;quizzone magico&#8217; nel quale saranno coinvolti oltre ai bagni marini i campeggi ed i residence con tanto di premiazione finale&#8221;.<\/p>\n<p>&#8220;L&#8217;idea di coinvolgere tutto il paese ci \u00e8 subito piaciuta e i bagni marini potranno cos\u00ec ospitare spettacoli ed esibizioni di magia per allietare ancora di pi\u00f9 il soggiorno degli ospiti sulle spiagge, senza contare l&#8217;esibiazione dei vari prestigiatori per le vie del paese&#8221; afferma il presidente della Pro Loco Davide Schianti.<\/p>\n<p><a href=\"http:\/\/www.ivg.it\/wp-content\/uploads\/2010\/06\/19.06.10-CerialeMagia-Programma-definitivo.pdf\">Scarica il programma<\/a><\/p>\n","protected":false},"excerpt":{"rendered":"<p>Ceriale. Torna la magia nelle giornate estive di Ceriale. Dal 19 al 26 giugno si terr\u00e0 la seconda e straripante edizione dell&#8217;evento &#8220;Ceriale Magia&#8221;, patrocinato dal Comune &#8211; Assessorato al Turismo -, e dalla Provincia di Savona, organizzato dalla locale Pro Loco, dal Civ e dai bagni marini, con la direzione artistica di Gabriele Gentile, [&hellip;]<\/p>\n","protected":false},"author":13744,"featured_media":0,"comment_status":"open","ping_status":"closed","sticky":false,"template":"","format":"standard","meta":{"footnotes":""},"categories":[],"tags":[9814,9067,85855,20151,9923,160,9994,85850,110,107],"class_list":["post-92186","post","type-post","status-publish","format-standard","hentry","tag-agonisti","tag-campeggi","tag-ceriale","tag-comune-di-ceriale","tag-esibizioni","tag-pro-loco","tag-provincia-di-savona","tag-savona","tag-spettacolo","tag-turismo","post_cat_citta-andora","post_cat_citta-ceriale"],"amp_validity":null,"amp_enabled":true,"_links":{"self":[{"href":"https:\/\/staging.ivg.it\/ediapi\/wp\/v2\/posts\/92186","targetHints":{"allow":["GET"]}}],"collection":[{"href":"https:\/\/staging.ivg.it\/ediapi\/wp\/v2\/posts"}],"about":[{"href":"https:\/\/staging.ivg.it\/ediapi\/wp\/v2\/types\/post"}],"author":[{"embeddable":true,"href":"https:\/\/staging.ivg.it\/ediapi\/wp\/v2\/users\/13744"}],"replies":[{"embeddable":true,"href":"https:\/\/staging.ivg.it\/ediapi\/wp\/v2\/comments?post=92186"}],"version-history":[{"count":0,"href":"https:\/\/staging.ivg.it\/ediapi\/wp\/v2\/posts\/92186\/revisions"}],"wp:attachment":[{"href":"https:\/\/staging.ivg.it\/ediapi\/wp\/v2\/media?parent=92186"}],"wp:term":[{"taxonomy":"category","embeddable":true,"href":"https:\/\/staging.ivg.it\/ediapi\/wp\/v2\/categories?post=92186"},{"taxonomy":"post_tag","embeddable":true,"href":"https:\/\/staging.ivg.it\/ediapi\/wp\/v2\/tags?post=92186"}],"curies":[{"name":"wp","href":"https:\/\/api.w.org\/{rel}","templated":true}]}}