{"id":92184,"date":"2010-06-17T09:02:39","date_gmt":"2010-06-17T07:02:39","guid":{"rendered":"http:\/\/www.ivg.it\/?p=92184"},"modified":"2010-06-17T11:58:34","modified_gmt":"2010-06-17T09:58:34","slug":"loano-lassociazione-guidata-da-gotti-che-strizza-locchio-alle-comunali-2011","status":"publish","type":"post","link":"https:\/\/staging.ivg.it\/2010\/06\/loano-lassociazione-guidata-da-gotti-che-strizza-locchio-alle-comunali-2011\/","title":{"rendered":"Loano, l&#8217;associazione guidata da Gotti che &#8220;strizza l&#8217;occhio&#8221; alle comunali 2011"},"content":{"rendered":"<p><strong>Loano<\/strong>. Sabato 19 giugno l&#8217;Associazione Politico-Culturale &#8220;Masg\u00e8&#8221; di Loano si presenta ai cittadini. L&#8217;appuntamento \u00e8 in piazza Rocca dalle 16 alle 19.\u00a0 Tra i compiti dell&#8217;associazione c&#8217;\u00e8 quello di &#8220;riportare&#8221; i giovani alla politica e indagare le cause di questa preoccupante disaffezione. A guidare il &#8220;movimento&#8221; che, si legge in un comunicato, non esclude una &#8220;possibile partecipazione-propositiva alle prossime elezioni comunali di Loano nel 2011&#8221; c&#8217;\u00e8 Lorenzo Gotti, dimessosi polemicamente qualche mese fa da presidente del consiglio comunale di Loano.<\/p>\n<p>&#8220;Vorremmo dare il nostro contributo &#8211; scrive Gotti -. Siamo partiti dai clamorosi dati sull&#8217;astensionismo che sono andati aumentando via via negli ultimi anni in occasione delle varie tornate elettorali. Ci si \u00e8 interrogati sulle ragioni di questa disaffezione verso la politica che nelle recenti elezioni regionali ha raggiunto una media nazionale di oltre il 35% (a Loano \u00e8 stata del 36.8% nonostante in competizione per i vari schieramenti e liste vi fossero ben quattro candidati &#8220;loanesi&#8221; Gasco-Miceli-Garassini -Bertolotto: questo\u00a0 ci ha fatto pensare molto dato che si sarebbe potuto sostenere con il voto dei candidati che i Loanesi conoscono personalmente..). Un altro elemento, in merito, che ha suscitato il nostro interesse ed anche un forte sentimento di preoccupazione \u00e8 emerso dall&#8217;analisi dei dati riguardanti le ultime elezioni per la Provincia di Savona quelle svoltesi nel 2009: nel primo turno i Loanesi che si astennero furono il 31,4% ma al ballottaggio non votarono ben il 48,59% nonostante fosse candidato il Sindaco della nostra citt\u00e0&#8221;.<\/p>\n<p>&#8220;Una disaffezione alla politica si percepisce soprattutto fra i giovani &#8211; continua Gotti &#8211; che non credono pi\u00f9 in questa classe politica.\u00a0 Riteniamo che la questione morale che colpisce la classe politica altro non sia che la logica conseguenza della questione morale che colpisce ed investe l&#8217;intera societ\u00e0 italiana. C&#8217;\u00e8 un robusto tasso di ignoranza (intesa come &#8220;non conoscenza&#8221; ) che pervade tutti noi. Non conosciamo le basi della convivenza sociale, non abbiamo\u00a0 chiare le regole che devono sostenere la democrazia, conosciamo solo in parte i\u00a0 nostri diritti ma non conosciamo i nostri\u00a0 doveri. Questa ignoranza \u00e8 arginabile in prospettiva soltanto reintroducendo l&#8217;Educazione Civica tra i banchi di scuola. Bisogna cio\u00e8 che la coscienza civica si incominci a formare gi\u00e0 in epoca scolastica e quindi che la Costituzione italiana sia reale materia di insegnamento. Proprio per questi motivi coloro che si iscriveranno come Soci riceveranno una copia della Costituzione Italiana: sar\u00e0 il nostro piccolo contributo in attesa che si attivino gli organi competenti. Per difendere la democrazia che poi altro non \u00e8 che\u00a0 il potere al popolo occorre partecipare e non astenersi, occorre fornire e favorire le occasioni per partecipare. E&#8217; da questa sentita necessit\u00e0 che\u00a0 nasce l&#8217;idea di costituire una Associazione Politico-Culturale che ha quale finalit\u00e0 prioritaria quella di\u00a0 creare un&#8217;occasione di partecipazione che sappia far ritrovare la passione per il voto. In questa ottica, dicevo, non \u00e8 da escludere\u00a0 a priori una possibile partecipazione alle prossime Elezioni Comunali di Loano nel 2011&#8243;.<\/p>\n","protected":false},"excerpt":{"rendered":"<p>Loano. Sabato 19 giugno l&#8217;Associazione Politico-Culturale &#8220;Masg\u00e8&#8221; di Loano si presenta ai cittadini. L&#8217;appuntamento \u00e8 in piazza Rocca dalle 16 alle 19.\u00a0 Tra i compiti dell&#8217;associazione c&#8217;\u00e8 quello di &#8220;riportare&#8221; i giovani alla politica e indagare le cause di questa preoccupante disaffezione. A guidare il &#8220;movimento&#8221; che, si legge in un comunicato, non esclude una [&hellip;]<\/p>\n","protected":false},"author":13744,"featured_media":0,"comment_status":"open","ping_status":"closed","sticky":false,"template":"","format":"standard","meta":{"footnotes":""},"categories":[31],"tags":[4391,218,3171,85827,17608,17390,4750],"class_list":["post-92184","post","type-post","status-publish","format-standard","hentry","category-politica","tag-candidatura","tag-elezioni","tag-elezioni-comunali","tag-loano","tag-lorenzo-gotti","tag-tornata-elettorale","tag-voto","post_cat_citta-loano"],"amp_validity":null,"amp_enabled":true,"_links":{"self":[{"href":"https:\/\/staging.ivg.it\/ediapi\/wp\/v2\/posts\/92184","targetHints":{"allow":["GET"]}}],"collection":[{"href":"https:\/\/staging.ivg.it\/ediapi\/wp\/v2\/posts"}],"about":[{"href":"https:\/\/staging.ivg.it\/ediapi\/wp\/v2\/types\/post"}],"author":[{"embeddable":true,"href":"https:\/\/staging.ivg.it\/ediapi\/wp\/v2\/users\/13744"}],"replies":[{"embeddable":true,"href":"https:\/\/staging.ivg.it\/ediapi\/wp\/v2\/comments?post=92184"}],"version-history":[{"count":0,"href":"https:\/\/staging.ivg.it\/ediapi\/wp\/v2\/posts\/92184\/revisions"}],"wp:attachment":[{"href":"https:\/\/staging.ivg.it\/ediapi\/wp\/v2\/media?parent=92184"}],"wp:term":[{"taxonomy":"category","embeddable":true,"href":"https:\/\/staging.ivg.it\/ediapi\/wp\/v2\/categories?post=92184"},{"taxonomy":"post_tag","embeddable":true,"href":"https:\/\/staging.ivg.it\/ediapi\/wp\/v2\/tags?post=92184"}],"curies":[{"name":"wp","href":"https:\/\/api.w.org\/{rel}","templated":true}]}}