{"id":92153,"date":"2010-06-16T16:35:25","date_gmt":"2010-06-16T14:35:25","guid":{"rendered":"http:\/\/www.ivg.it\/?p=92153"},"modified":"2010-06-16T18:50:16","modified_gmt":"2010-06-16T16:50:16","slug":"albenga-137-segnalazioni-in-un-mese-per-lo-sportello-del-cittadino","status":"publish","type":"post","link":"https:\/\/staging.ivg.it\/2010\/06\/albenga-137-segnalazioni-in-un-mese-per-lo-sportello-del-cittadino\/","title":{"rendered":"Albenga, 137 segnalazioni in un mese per lo sportello del cittadino"},"content":{"rendered":"<p><strong>Albenga<\/strong>.Lo sportello del cittadino di Albenga cambia sede per dare al servizio e alla\u00a0Pro Loco \u00a0maggior visibilit\u00e0. La decisione presa dall&#8217;amministrazione comunale, \u00e8 stata presa soprattutto dopo gli ultimi dati che dimostrano come lo sportello oggi stia oggi funzionando molto bene. A distanza di un mese dall&#8217;attivazione del nuovo servizio telematico, sono state ben centotrentasette le persone che hanno fatto presente inconvenienti e problematiche rispetto alle statistiche del 2009 che riportano 149 segnalazioni in un anno.<\/p>\n<p>\u201cL&#8217;evidente differenza nei numeri &#8211; dichiara\u00a0 Diego Distilo, Assessore\u00a0alla \u00a0Viabilit\u00e0 del comune di Albenga &#8211; evidenzia probabilmente che la cittadinanza non si sentiva abbastanza tutelata e ascoltata dall&#8217;Amministrazione Comunale\u201d. \u201cIl notevole riscontro ottenuto in un solo mese mi d\u00e0 grande entusiasmo e voglia di proseguire su questa direzione, con volont\u00e0, impegno e sacrificio per ottimizzare il servizio fornito alla comunit\u00e0. E invito tutti i cittadini, per voce dell&#8217;amministrazione, a continuare a fornirci segnalazioni\u201d.<\/p>\n<p>In merito ai lavori sar\u00e0 ripristinato il pre-ingresso un tempo posizionato nell&#8217;atrio del Palazzo Comunale, \u201cbussola\u201d in vetro che, oltre a fornire informazioni utili agli utenti, potr\u00e0 anche fungere da \u201cfiltro\u201d nei confronti di eventuali\u00a0 malintenzionati.<\/p>\n<p>\u201cSono alquanto soddisfatto e felice di questa nuova sistemazione dello Sportello del Cittadino\u201d, dichiara\u00a0 Diego Distilo, Assessore con delega a Viabilit\u00e0 e Sportello del Cittadino del Comune di Albenga. \u201cSebbene avessi inizialmente individuato un altro punto\u201d, prosegue, \u201cio stesso, di comune accordo con il Sindaco, ho ritenuto pi\u00f9 opportuna e idonea questa collocazione\u201d.<\/p>\n<p>Allo stesso tempo, l&#8217;Amministrazione Comunale ha deciso di ridare visibilit\u00e0 e praticit\u00e0 alla Pro Loco Albenga, garantendo fin da ora la disponibilit\u00e0 della sede storica di Viale Martiri della Libert\u00e0. \u201cAbbiamo dato disponibilit\u00e0 immediata dei vecchi locali di Viale Martiri. L&#8217;amministrazione si impegner\u00e0 a fondo per dare una mano all&#8217;associazione, nel coordinare e organizzare eventi, spettacoli e manifestazione\u201d, conclude l&#8217;Assessore Diego Distilo.<\/p>\n","protected":false},"excerpt":{"rendered":"<p>Albenga.Lo sportello del cittadino di Albenga cambia sede per dare al servizio e alla\u00a0Pro Loco \u00a0maggior visibilit\u00e0. La decisione presa dall&#8217;amministrazione comunale, \u00e8 stata presa soprattutto dopo gli ultimi dati che dimostrano come lo sportello oggi stia oggi funzionando molto bene. A distanza di un mese dall&#8217;attivazione del nuovo servizio telematico, sono state ben centotrentasette [&hellip;]<\/p>\n","protected":false},"author":13744,"featured_media":0,"comment_status":"open","ping_status":"closed","sticky":false,"template":"","format":"standard","meta":{"footnotes":""},"categories":[],"tags":[10314,12713],"class_list":["post-92153","post","type-post","status-publish","format-standard","hentry","tag-diego-distilo","tag-sportello","post_cat_citta-albenga"],"amp_validity":null,"amp_enabled":true,"_links":{"self":[{"href":"https:\/\/staging.ivg.it\/ediapi\/wp\/v2\/posts\/92153","targetHints":{"allow":["GET"]}}],"collection":[{"href":"https:\/\/staging.ivg.it\/ediapi\/wp\/v2\/posts"}],"about":[{"href":"https:\/\/staging.ivg.it\/ediapi\/wp\/v2\/types\/post"}],"author":[{"embeddable":true,"href":"https:\/\/staging.ivg.it\/ediapi\/wp\/v2\/users\/13744"}],"replies":[{"embeddable":true,"href":"https:\/\/staging.ivg.it\/ediapi\/wp\/v2\/comments?post=92153"}],"version-history":[{"count":0,"href":"https:\/\/staging.ivg.it\/ediapi\/wp\/v2\/posts\/92153\/revisions"}],"wp:attachment":[{"href":"https:\/\/staging.ivg.it\/ediapi\/wp\/v2\/media?parent=92153"}],"wp:term":[{"taxonomy":"category","embeddable":true,"href":"https:\/\/staging.ivg.it\/ediapi\/wp\/v2\/categories?post=92153"},{"taxonomy":"post_tag","embeddable":true,"href":"https:\/\/staging.ivg.it\/ediapi\/wp\/v2\/tags?post=92153"}],"curies":[{"name":"wp","href":"https:\/\/api.w.org\/{rel}","templated":true}]}}