{"id":92151,"date":"2010-06-16T16:10:26","date_gmt":"2010-06-16T14:10:26","guid":{"rendered":"http:\/\/www.ivg.it\/?p=92151"},"modified":"2010-06-16T18:13:30","modified_gmt":"2010-06-16T16:13:30","slug":"calcio-poule-scudetto-il-savona-e-partito-alla-volta-di-forli","status":"publish","type":"post","link":"https:\/\/staging.ivg.it\/2010\/06\/calcio-poule-scudetto-il-savona-e-partito-alla-volta-di-forli\/","title":{"rendered":"Calcio, poule scudetto: il Savona \u00e8 partito alla volta di Forl\u00ec"},"content":{"rendered":"<p><strong>Savona<\/strong>. La squadra del Savona \u00e8 partita alle 13,30 di oggi con destinazione Forl\u00ec, dove allogger\u00e0 e dove disputer\u00e0 domani la semifinale della poule scudetto contro il Pisa, compagine vincitrice del girone D con 82 punti. La partita \u00e8 in programma alle ore 18,30.<\/p>\n<p>Tutti i giocatori sono convocati a parte Albrieaux. Mister Iacolino si dice orgoglioso dei risultati ottenuti dai biancoblu, che sono cos\u00ec tra le prime quattro in Italia. Riguardo alla squadra toscana dichiara: \u201cHo preso un po\u2019 di informazioni sul Pisa e so che \u00e8 una squadra fortissima. Quello che so e di cui sono sicuro, \u00e8 che quella di domani sar\u00e0 una bellissima partita tra due formazioni molto forti\u201d. Da segnalare che nel Pisa gioca il loanese Marco Carparelli.<\/p>\n<p>Ancora qualche dubbio per l&#8217;allenatore sulla formazione che scender\u00e0 in campo contro i nerazzurri. Le due rivali non hanno avuto squalificati.<\/p>\n<p>L&#8217;altra semifinale, in programma alle 16 a Santarcangelo di Romagna, vedr\u00e0 di fronte Neapolis Mugnano e Montichiari che dovranno fare a meno rispettivamente di Pasquale Esposito e Luca Cremona, fermati per un turno dal giudice sportivo.<\/p>\n","protected":false},"excerpt":{"rendered":"<p>Savona. La squadra del Savona \u00e8 partita alle 13,30 di oggi con destinazione Forl\u00ec, dove allogger\u00e0 e dove disputer\u00e0 domani la semifinale della poule scudetto contro il Pisa, compagine vincitrice del girone D con 82 punti. La partita \u00e8 in programma alle ore 18,30. Tutti i giocatori sono convocati a parte Albrieaux. Mister Iacolino si [&hellip;]<\/p>\n","protected":false},"author":5,"featured_media":0,"comment_status":"open","ping_status":"closed","sticky":false,"template":"","format":"standard","meta":{"footnotes":""},"categories":[32],"tags":[85989,23786,23656,85850,629],"class_list":["post-92151","post","type-post","status-publish","format-standard","hentry","category-sport","tag-calcio","tag-forli","tag-poule-scudetto","tag-savona","tag-serie-d","post_cat_citta-savona"],"amp_validity":null,"amp_enabled":true,"_links":{"self":[{"href":"https:\/\/staging.ivg.it\/ediapi\/wp\/v2\/posts\/92151","targetHints":{"allow":["GET"]}}],"collection":[{"href":"https:\/\/staging.ivg.it\/ediapi\/wp\/v2\/posts"}],"about":[{"href":"https:\/\/staging.ivg.it\/ediapi\/wp\/v2\/types\/post"}],"author":[{"embeddable":true,"href":"https:\/\/staging.ivg.it\/ediapi\/wp\/v2\/users\/5"}],"replies":[{"embeddable":true,"href":"https:\/\/staging.ivg.it\/ediapi\/wp\/v2\/comments?post=92151"}],"version-history":[{"count":0,"href":"https:\/\/staging.ivg.it\/ediapi\/wp\/v2\/posts\/92151\/revisions"}],"wp:attachment":[{"href":"https:\/\/staging.ivg.it\/ediapi\/wp\/v2\/media?parent=92151"}],"wp:term":[{"taxonomy":"category","embeddable":true,"href":"https:\/\/staging.ivg.it\/ediapi\/wp\/v2\/categories?post=92151"},{"taxonomy":"post_tag","embeddable":true,"href":"https:\/\/staging.ivg.it\/ediapi\/wp\/v2\/tags?post=92151"}],"curies":[{"name":"wp","href":"https:\/\/api.w.org\/{rel}","templated":true}]}}