{"id":92134,"date":"2010-06-16T14:58:47","date_gmt":"2010-06-16T12:58:47","guid":{"rendered":"http:\/\/www.ivg.it\/?p=92134"},"modified":"2010-06-16T19:00:49","modified_gmt":"2010-06-16T17:00:49","slug":"crociere-foschi-costa-potrebbe-tornare-a-genova","status":"publish","type":"post","link":"https:\/\/staging.ivg.it\/2010\/06\/crociere-foschi-costa-potrebbe-tornare-a-genova\/","title":{"rendered":"Crociere, Foschi: &#8220;Costa potrebbe tornare a Genova&#8221;"},"content":{"rendered":"<p><strong>Genova<\/strong>. Questa mattina a margine dell&#8217;inaugurazione della nuova sede della compagnia a Genova, il presidente e ammministratore delegato di Costa Crociere Spa Pier Luigi Foschi non ha escluso il ritorno delle Navi Costa sotto la lanterna. &#8220;Dobbiamo aspettare che venga trovata una soluzione definitiva per Ponte Parodi e poi dobbiamo fare una valutazione tecnica ed economica per verificare se vi siano le condizioni perch\u00e9 Costa Crociere possa tornare a Genova, almeno con una banchina&#8221;.<\/p>\n<p>&#8220;Per quanto riguarda le crociere &#8211; ha aggiunto Foschi &#8211; oggi il porto di Genova mi sembra sufficientemente saturo e in questo momento, in uno scalo di questo tipo, non ci sarebbero comunque le condizioni per i volumi che Costa Crociere richiede&#8221;. &#8220;La Liguria \u00e8 piccola e anche l&#8217;Italia va stretta per Costa Crociere ma &#8211; ha concluso il presidente della societ\u00e0 &#8211; anche se le nostre navi vanno a Savona e non vengono a Genova, dobbiamo ringraziare Costa Crociere per quanto sta facendo per la Liguria&#8221;.<\/p>\n<p>Nel frattempo la compagnia navale si \u00e8 posta ambiziosi obiettivi per il 2010, superare entro fine anno 2,1 milioni di clienti a fronte di un fatturato di 2,6 miliardi nel 2009 e una flotta di 29 navi, di cui 4 in costruzione.<\/p>\n<p>Dati che confermano il primato della compagnia crocieristica in Italia ed in Europa. &#8220;Questa nuova sede &#8211; ha aggiunto Foschi &#8211; rappresenta un ulteriore testimonianza del radicamento della societ\u00e0 nel capoluogo ligure, dove operano circa 700 dei 2 mila dipendenti a terra della compagnia&#8221;.<\/p>\n<p>Foschi si \u00e8 poi soffermato sulla crisi economica, che ha interessato anche il settore crocieristico: &#8220;Tutti abbiamo risentito di questa crisi &#8211; ha spiegato Foschi-il consumatore ha meno disponibilit\u00e0 di spesa, \u00e8 molto pi\u00f9 accorto e cerca di spendere i propri soldi nel modo pi\u00f9 intelligente possibile. La nostra compagnia, come tutte le aziende di turismo, ha dovuto mettere sul tappeto degli incentivi per attirare la propria clientela ma, nel panorama generale del turismo, la crociera \u00e8 ancora un prodotto molto ben visto ed acquistato e Costa Crociere, essendo leader in Europa, ne sta beneficiando&#8221;.<\/p>\n<p>\u00a0&#8220;Negli Stati Uniti e in alcuni Paesi europei l&#8217;economia reale sta riprendendo e questo \u00e8 molto importante &#8211; ha sottolineato Foschi -. Con una politica monetaria ed economica accorta in Europa e una ripresa della fiducia dei consumatori queste difficolt\u00e0 potrebbero attenuarsi gi\u00e0 a partire dall&#8217;anno prossimo&#8221;.<\/p>\n","protected":false},"excerpt":{"rendered":"<p>Genova. Questa mattina a margine dell&#8217;inaugurazione della nuova sede della compagnia a Genova, il presidente e ammministratore delegato di Costa Crociere Spa Pier Luigi Foschi non ha escluso il ritorno delle Navi Costa sotto la lanterna. &#8220;Dobbiamo aspettare che venga trovata una soluzione definitiva per Ponte Parodi e poi dobbiamo fare una valutazione tecnica ed [&hellip;]<\/p>\n","protected":false},"author":13744,"featured_media":0,"comment_status":"open","ping_status":"closed","sticky":false,"template":"","format":"standard","meta":{"footnotes":""},"categories":[35],"tags":[412,3441,85850,14374],"class_list":["post-92134","post","type-post","status-publish","format-standard","hentry","category-economia","tag-costa-crociere","tag-pier-luigi-foschi","tag-savona","tag-terminal-crociere","post_cat_citta-savona"],"amp_validity":null,"amp_enabled":true,"_links":{"self":[{"href":"https:\/\/staging.ivg.it\/ediapi\/wp\/v2\/posts\/92134","targetHints":{"allow":["GET"]}}],"collection":[{"href":"https:\/\/staging.ivg.it\/ediapi\/wp\/v2\/posts"}],"about":[{"href":"https:\/\/staging.ivg.it\/ediapi\/wp\/v2\/types\/post"}],"author":[{"embeddable":true,"href":"https:\/\/staging.ivg.it\/ediapi\/wp\/v2\/users\/13744"}],"replies":[{"embeddable":true,"href":"https:\/\/staging.ivg.it\/ediapi\/wp\/v2\/comments?post=92134"}],"version-history":[{"count":0,"href":"https:\/\/staging.ivg.it\/ediapi\/wp\/v2\/posts\/92134\/revisions"}],"wp:attachment":[{"href":"https:\/\/staging.ivg.it\/ediapi\/wp\/v2\/media?parent=92134"}],"wp:term":[{"taxonomy":"category","embeddable":true,"href":"https:\/\/staging.ivg.it\/ediapi\/wp\/v2\/categories?post=92134"},{"taxonomy":"post_tag","embeddable":true,"href":"https:\/\/staging.ivg.it\/ediapi\/wp\/v2\/tags?post=92134"}],"curies":[{"name":"wp","href":"https:\/\/api.w.org\/{rel}","templated":true}]}}