{"id":92000,"date":"2010-06-15T10:06:24","date_gmt":"2010-06-15T08:06:24","guid":{"rendered":"http:\/\/www.ivg.it\/?p=92000"},"modified":"2010-06-15T17:06:10","modified_gmt":"2010-06-15T15:06:10","slug":"caso-corsi-serali-segnali-positivi-creata-la-rete-di-scuole-tra-itis-geometri-aziendale","status":"publish","type":"post","link":"https:\/\/staging.ivg.it\/2010\/06\/caso-corsi-serali-segnali-positivi-creata-la-rete-di-scuole-tra-itis-geometri-aziendale\/","title":{"rendered":"&#8220;Caso&#8221; corsi serali, segnali positivi: creata la &#8220;rete&#8221; di scuole tra Itis-Alberti-Mazzini"},"content":{"rendered":"<p><strong>Savona<\/strong>. Dopo il grido d&#8217;allarme lanciato nei giorni scorsi sembra che il primo, piccolo, passo verso una soluzione positiva della situazione dei corsi serali savonesi sia stato compiuto. I dirigenti scolastici dell&#8217;Istituto Alberti-Boselli, Guglielmo Marchisio, dell&#8217;istituto Mazzini-Da Vinci, Gabriella Viganego, dell&#8217;istituto Ferraris-Pancaldo, Giovanni Battista Siccardi, infatti hanno sottoscritto l&#8217;accordo per la formazione della &#8220;Rete per le scuole serali&#8221; e lo hanno gi\u00e0 trasmesso al Provveditorato.<\/p>\n<p>L&#8217;accordo firmato dai tre presidi prevede che, per l&#8217;anno scolastico 2010-2011, tutti i corsi serali degli istituti facenti parte della rete saranno concentrati, al fine di ottimizzare le risorse a disposizione, nel plesso di via alla Rocca a Savona. Per garantire il regolare svolgimento delle lezioni del triennio i corsi di terza, quarta e quinta, visto che nell&#8217;anno 2009-2010 \u00e8 stata sperimentata con successo la formazione di classi articolate tra Alberti-Ferraris e Boselli-Mazzini, saranno organizzati prevedendo la formazione di classi di questa tipologia tra i diversi indirizzi di studio.<\/p>\n<p>Nell&#8217;accordo si prospetta quindi la creazione di un corso per Itis-Geometri e uno per Boselli-Mazzini. Inoltre il &#8220;patto&#8221; tra le scuole prevede che venga effettuata una richiesta congiunta degli organi docenti e che venga creato un &#8220;Consiglio di rete&#8221; che coordini le attivit\u00e0 dei corsi serali.<\/p>\n<p>A questo punto inizia la fase pi\u00f9 delicata: il Provveditorato deve fornire gli insegnanti per &#8220;\u0093riempire&#8221;\u0094 la rete. Ad oggi per\u00f2 non c&#8217;\u00e8 ancora nessuna indicazione su come il nuovo dirigente scolastico voglia procedere. E&#8217; probabile che perch\u00e9 inizi a muoversi qualcosa occorra attendere la definizione degli organici dei corsi diurni. Insomma la guerra \u00e8 tutt&#8217;altro che finita ma i primi segnali sono positivi.<\/p>\n","protected":false},"excerpt":{"rendered":"<p>Savona. Dopo il grido d&#8217;allarme lanciato nei giorni scorsi sembra che il primo, piccolo, passo verso una soluzione positiva della situazione dei corsi serali savonesi sia stato compiuto. I dirigenti scolastici dell&#8217;Istituto Alberti-Boselli, Guglielmo Marchisio, dell&#8217;istituto Mazzini-Da Vinci, Gabriella Viganego, dell&#8217;istituto Ferraris-Pancaldo, Giovanni Battista Siccardi, infatti hanno sottoscritto l&#8217;accordo per la formazione della &#8220;Rete per [&hellip;]<\/p>\n","protected":false},"author":2394,"featured_media":0,"comment_status":"open","ping_status":"closed","sticky":false,"template":"","format":"standard","meta":{"footnotes":""},"categories":[56,34],"tags":[1594,23513,12075,13618,1738,521,15213,85850,199,22075],"class_list":["post-92000","post","type-post","status-publish","format-standard","hentry","category-altre","category-cronaca","tag-accordo","tag-corsi-a-rischio","tag-corsi-serali","tag-geometri","tag-itis-g-ferraris","tag-lettera","tag-rete","tag-savona","tag-scuola","tag-ufficio-scolastico-provinciale","post_cat_citta-savona"],"amp_validity":null,"amp_enabled":true,"_links":{"self":[{"href":"https:\/\/staging.ivg.it\/ediapi\/wp\/v2\/posts\/92000","targetHints":{"allow":["GET"]}}],"collection":[{"href":"https:\/\/staging.ivg.it\/ediapi\/wp\/v2\/posts"}],"about":[{"href":"https:\/\/staging.ivg.it\/ediapi\/wp\/v2\/types\/post"}],"author":[{"embeddable":true,"href":"https:\/\/staging.ivg.it\/ediapi\/wp\/v2\/users\/2394"}],"replies":[{"embeddable":true,"href":"https:\/\/staging.ivg.it\/ediapi\/wp\/v2\/comments?post=92000"}],"version-history":[{"count":0,"href":"https:\/\/staging.ivg.it\/ediapi\/wp\/v2\/posts\/92000\/revisions"}],"wp:attachment":[{"href":"https:\/\/staging.ivg.it\/ediapi\/wp\/v2\/media?parent=92000"}],"wp:term":[{"taxonomy":"category","embeddable":true,"href":"https:\/\/staging.ivg.it\/ediapi\/wp\/v2\/categories?post=92000"},{"taxonomy":"post_tag","embeddable":true,"href":"https:\/\/staging.ivg.it\/ediapi\/wp\/v2\/tags?post=92000"}],"curies":[{"name":"wp","href":"https:\/\/api.w.org\/{rel}","templated":true}]}}