{"id":91928,"date":"2010-06-14T13:00:54","date_gmt":"2010-06-14T11:00:54","guid":{"rendered":"http:\/\/www.ivg.it\/?p=91928"},"modified":"2010-06-14T16:32:26","modified_gmt":"2010-06-14T14:32:26","slug":"processo-don-lu-ancora-in-corso-la-terza-udienza","status":"publish","type":"post","link":"https:\/\/staging.ivg.it\/2010\/06\/processo-don-lu-ancora-in-corso-la-terza-udienza\/","title":{"rendered":"Processo &#8220;don Lu&#8221;: ancora in corso la terza udienza"},"content":{"rendered":"<p><strong>Savona.<\/strong> E&#8217; ancora in corso la terza udienza del processo che vede sul banco degli imputati don Luciano Massaferro, il parroco alassino accusato di aver abusato di una minore, sua parrocchiana. Un&#8217;udienza, come al solito, a porte chiuse, e che vede i testimoni &#8211; oggi 16 in tutto &#8211; aspettare fuori dall&#8217;aula il proprio turno.<\/p>\n<p>Il &#8220;grande assente&#8221; \u00e8 proprio lui, don Luciano, che, nell&#8217;ennesima lettera ai suoi amici e conoscenti, ha spiegato quali sono le motivazioni che lo tengono lontano dall&#8217;aula e che si riassumono nella volont\u00e0 di non voler attirare i riflettori di una vicenda gi\u00e0 di per s\u00e8 fin troppo mediatica. Stamattina non si sono visti nemmeno i parenti dell&#8217;undicenne che ha accusato il parroco di averla molestata.<\/p>\n","protected":false},"excerpt":{"rendered":"<p>Savona. E&#8217; ancora in corso la terza udienza del processo che vede sul banco degli imputati don Luciano Massaferro, il parroco alassino accusato di aver abusato di una minore, sua parrocchiana. Un&#8217;udienza, come al solito, a porte chiuse, e che vede i testimoni &#8211; oggi 16 in tutto &#8211; aspettare fuori dall&#8217;aula il proprio turno. [&hellip;]<\/p>\n","protected":false},"author":13744,"featured_media":0,"comment_status":"open","ping_status":"closed","sticky":false,"template":"","format":"standard","meta":{"footnotes":""},"categories":[34],"tags":[17214,16629,6685,16627,2171,16906,2423,2427,1981,85850,2170,14404],"class_list":["post-91928","post","type-post","status-publish","format-standard","hentry","category-cronaca","tag-abusi-sessuali","tag-alessandro-chirivi","tag-aula","tag-don-luciano-massaferro","tag-falsa-testimonianza","tag-mauro-ronco","tag-minore","tag-pedofilia","tag-processo","tag-savona","tag-tribunale","tag-udienza","post_cat_citta-savona"],"amp_validity":null,"amp_enabled":true,"_links":{"self":[{"href":"https:\/\/staging.ivg.it\/ediapi\/wp\/v2\/posts\/91928","targetHints":{"allow":["GET"]}}],"collection":[{"href":"https:\/\/staging.ivg.it\/ediapi\/wp\/v2\/posts"}],"about":[{"href":"https:\/\/staging.ivg.it\/ediapi\/wp\/v2\/types\/post"}],"author":[{"embeddable":true,"href":"https:\/\/staging.ivg.it\/ediapi\/wp\/v2\/users\/13744"}],"replies":[{"embeddable":true,"href":"https:\/\/staging.ivg.it\/ediapi\/wp\/v2\/comments?post=91928"}],"version-history":[{"count":0,"href":"https:\/\/staging.ivg.it\/ediapi\/wp\/v2\/posts\/91928\/revisions"}],"wp:attachment":[{"href":"https:\/\/staging.ivg.it\/ediapi\/wp\/v2\/media?parent=91928"}],"wp:term":[{"taxonomy":"category","embeddable":true,"href":"https:\/\/staging.ivg.it\/ediapi\/wp\/v2\/categories?post=91928"},{"taxonomy":"post_tag","embeddable":true,"href":"https:\/\/staging.ivg.it\/ediapi\/wp\/v2\/tags?post=91928"}],"curies":[{"name":"wp","href":"https:\/\/api.w.org\/{rel}","templated":true}]}}