{"id":91927,"date":"2010-06-14T13:02:56","date_gmt":"2010-06-14T11:02:56","guid":{"rendered":"http:\/\/www.ivg.it\/?p=91927"},"modified":"2010-06-14T15:31:44","modified_gmt":"2010-06-14T13:31:44","slug":"copertura-asili-nido-istat-liguria-in-fascia-medio-bassa","status":"publish","type":"post","link":"https:\/\/staging.ivg.it\/2010\/06\/copertura-asili-nido-istat-liguria-in-fascia-medio-bassa\/","title":{"rendered":"Copertura asili nido, Istat: Liguria in fascia medio bassa"},"content":{"rendered":"<p><strong>Regione<\/strong>. Scarsa la posizione della Liguria nella classifica regionale per offerta pubblica di asili nido. Secondo i dati appena diffusi dall\u2019Istat, la nostra Regione si colloca nella fascia medio bassa per la presenza degli asili sul territorio, pari al 38% rispetto alla portata geografica degli enti comunali liguri. <\/p>\n<p>L&#8217;Emilia Romagna conserva il primato per la diffusione, sia per numero di bambini (24%) sia di percentuale di Comuni in cui \u00e8 presente il servizio (81,8%). Dopo l&#8217;Emilia Romagna, la classifica segue con la Valle d&#8217;Aosta (oltre il 20%) e si chiude con la Campania (1,7%) e la Calabria (2,3%). Il Nord-est ha mantenuto livelli superiori rispetto al resto d&#8217;Italia, con un incremento continuo dell&#8217;offerta comunale in tutte le regioni: 15,2% dell&#8217;indicatore di presa in carico nell&#8217;anno scolastico 2008\/2009.<\/p>\n<p>Anche in base all\u2019indicatore di presa in carico dei bambini in asilo nido, l\u2019Emilia-Romagna e la Valle D\u2019Aosta si trovano nella classe pi\u00f9 alta (oltre il 20%). La Liguria, invece, si colloca al 13,1%. Invece,  l\u2019indice di copertura territoriale del servizio (per 100 residenti o-2 anni) \u00e8 di 88,1%.Il totale della spesa pubblica impegnata in Liguria per i servizi socio-educativi della prima infanzia \u00e8 di 46 milioni e 400 mila euro (il 9,7% \u00e8 la spesa pagata dagli utenti). <\/p>\n","protected":false},"excerpt":{"rendered":"<p>Regione. Scarsa la posizione della Liguria nella classifica regionale per offerta pubblica di asili nido. Secondo i dati appena diffusi dall\u2019Istat, la nostra Regione si colloca nella fascia medio bassa per la presenza degli asili sul territorio, pari al 38% rispetto alla portata geografica degli enti comunali liguri. L&#8217;Emilia Romagna conserva il primato per la [&hellip;]<\/p>\n","protected":false},"author":5,"featured_media":0,"comment_status":"open","ping_status":"closed","sticky":false,"template":"","format":"standard","meta":{"footnotes":""},"categories":[],"tags":[13288,265,223],"class_list":["post-91927","post","type-post","status-publish","format-standard","hentry","tag-asili-nido","tag-istat","tag-regione-liguria","post_cat_citta-andora"],"amp_validity":null,"amp_enabled":true,"_links":{"self":[{"href":"https:\/\/staging.ivg.it\/ediapi\/wp\/v2\/posts\/91927","targetHints":{"allow":["GET"]}}],"collection":[{"href":"https:\/\/staging.ivg.it\/ediapi\/wp\/v2\/posts"}],"about":[{"href":"https:\/\/staging.ivg.it\/ediapi\/wp\/v2\/types\/post"}],"author":[{"embeddable":true,"href":"https:\/\/staging.ivg.it\/ediapi\/wp\/v2\/users\/5"}],"replies":[{"embeddable":true,"href":"https:\/\/staging.ivg.it\/ediapi\/wp\/v2\/comments?post=91927"}],"version-history":[{"count":0,"href":"https:\/\/staging.ivg.it\/ediapi\/wp\/v2\/posts\/91927\/revisions"}],"wp:attachment":[{"href":"https:\/\/staging.ivg.it\/ediapi\/wp\/v2\/media?parent=91927"}],"wp:term":[{"taxonomy":"category","embeddable":true,"href":"https:\/\/staging.ivg.it\/ediapi\/wp\/v2\/categories?post=91927"},{"taxonomy":"post_tag","embeddable":true,"href":"https:\/\/staging.ivg.it\/ediapi\/wp\/v2\/tags?post=91927"}],"curies":[{"name":"wp","href":"https:\/\/api.w.org\/{rel}","templated":true}]}}