{"id":91677,"date":"2010-06-11T08:03:19","date_gmt":"2010-06-11T06:03:19","guid":{"rendered":"http:\/\/www.ivg.it\/?p=91677"},"modified":"2010-06-11T11:26:51","modified_gmt":"2010-06-11T09:26:51","slug":"savona-tentata-violenza-sessuale-in-corso-le-indagini-della-polizia","status":"publish","type":"post","link":"https:\/\/staging.ivg.it\/2010\/06\/savona-tentata-violenza-sessuale-in-corso-le-indagini-della-polizia\/","title":{"rendered":"Savona, tentata violenza sessuale: attesi sviluppi nelle indagini"},"content":{"rendered":"<p><strong>Savona<\/strong>. Ha tentato di molestarla, abbassandosi i pantaloni e &#8220;chiudendola&#8221; in un angolo per cercare di non lasciarle vie di fuga. Il pervertito, per\u00f2, non aveva fatto i conti con la capacit\u00e0 di reazione della ragazza che, a suon di calci, pugni e urla, \u00e8 riuscita a divincolarsi e a costringere l&#8217;uomo a fuggire in fretta e furia con la sua auto.<\/p>\n<p>E&#8217; accaduto ieri, intorno alle 15,30, in corso Tardy e Benech. Protagonisti dell&#8217;episodio una ragazza di 18 anni e il suo molestatore che, secondo i pochi testimoni che hanno sentito le urla della giovane, sarebbe italiano e avrebbe un&#8217;et\u00e0 compresa tra i 60 e 70 anni. Sull&#8217;episodio stanno indagando gli uomini della Squadra Mobile di Savona che sarebbero vicini ad una soluzione.<\/p>\n","protected":false},"excerpt":{"rendered":"<p>Savona. Ha tentato di molestarla, abbassandosi i pantaloni e &#8220;chiudendola&#8221; in un angolo per cercare di non lasciarle vie di fuga. Il pervertito, per\u00f2, non aveva fatto i conti con la capacit\u00e0 di reazione della ragazza che, a suon di calci, pugni e urla, \u00e8 riuscita a divincolarsi e a costringere l&#8217;uomo a fuggire in [&hellip;]<\/p>\n","protected":false},"author":13744,"featured_media":0,"comment_status":"open","ping_status":"closed","sticky":false,"template":"","format":"standard","meta":{"footnotes":""},"categories":[34],"tags":[4139,5211,748,85850,3630,1929],"class_list":["post-91677","post","type-post","status-publish","format-standard","hentry","category-cronaca","tag-indagini","tag-molestie","tag-polizia","tag-savona","tag-squadra-mobile","tag-violenza-sessuale","post_cat_citta-savona"],"amp_validity":null,"amp_enabled":true,"_links":{"self":[{"href":"https:\/\/staging.ivg.it\/ediapi\/wp\/v2\/posts\/91677","targetHints":{"allow":["GET"]}}],"collection":[{"href":"https:\/\/staging.ivg.it\/ediapi\/wp\/v2\/posts"}],"about":[{"href":"https:\/\/staging.ivg.it\/ediapi\/wp\/v2\/types\/post"}],"author":[{"embeddable":true,"href":"https:\/\/staging.ivg.it\/ediapi\/wp\/v2\/users\/13744"}],"replies":[{"embeddable":true,"href":"https:\/\/staging.ivg.it\/ediapi\/wp\/v2\/comments?post=91677"}],"version-history":[{"count":0,"href":"https:\/\/staging.ivg.it\/ediapi\/wp\/v2\/posts\/91677\/revisions"}],"wp:attachment":[{"href":"https:\/\/staging.ivg.it\/ediapi\/wp\/v2\/media?parent=91677"}],"wp:term":[{"taxonomy":"category","embeddable":true,"href":"https:\/\/staging.ivg.it\/ediapi\/wp\/v2\/categories?post=91677"},{"taxonomy":"post_tag","embeddable":true,"href":"https:\/\/staging.ivg.it\/ediapi\/wp\/v2\/tags?post=91677"}],"curies":[{"name":"wp","href":"https:\/\/api.w.org\/{rel}","templated":true}]}}